{"id":12088,"date":"2023-09-04T16:11:10","date_gmt":"2023-09-04T14:11:10","guid":{"rendered":"https:\/\/www.kelmis.be\/?p=12088"},"modified":"2023-09-04T16:11:10","modified_gmt":"2023-09-04T14:11:10","slug":"aide-conseil-dadministration-ouvert-au-public-le-2-octobre","status":"publish","type":"post","link":"https:\/\/www.kelmis.be\/fr\/depuis-la-maison-communale\/aide-conseil-dadministration-ouvert-au-public-le-2-octobre","title":{"rendered":"AIDE : Conseil d\u2019administration ouvert au public le 2 octobre"},"content":{"rendered":"<p>En vertu de l\u2019article L1532-1 \u00a72 du Code de la d\u00e9mocratie locale et de la d\u00e9centralisation, l\u2019AIDE vous informe que le Conseil d\u2019administration ouvert au public se tiendra le lundi 2 octobre 2023 \u00e0 17 h 30 \u00e0 la station d\u2019\u00e9puration de Li\u00e8ge-Oupeye, sise rue Voie de Li\u00e8ge 40 \u00e0 4681 Hermalle-sous-Argenteau. Ordre du jour :\u00a0\u00a0 Pr\u00e9sentation du rapport de gestion<\/p>\n","protected":false},"excerpt":{"rendered":"En vertu de l\u2019article L1532-1 \u00a72 du Code de la d\u00e9mocratie locale et de la d\u00e9centralisation, l\u2019AIDE vous informe que le Conseil d\u2019administration ouvert au public se tiendra le lundi 2 octobre 2023 \u00e0 17 h 30 \u00e0 la station d\u2019\u00e9puration de Li\u00e8ge-Oupeye, sise rue Voie de Li\u00e8ge 40 \u00e0 4681 Hermalle-sous-Argenteau. Ordre du jour [&hellip;]","protected":false},"author":2,"featured_media":6789,"comment_status":"closed","ping_status":"closed","sticky":false,"template":"","format":"standard","meta":{"_acf_changed":false,"footnotes":""},"categories":[71],"tags":[],"class_list":["post-12088","post","type-post","status-publish","format-standard","has-post-thumbnail","hentry","category-depuis-la-maison-communale"],"acf":[],"_links":{"self":[{"href":"https:\/\/www.kelmis.be\/fr\/wp-json\/wp\/v2\/posts\/12088","targetHints":{"allow":["GET"]}}],"collection":[{"href":"https:\/\/www.kelmis.be\/fr\/wp-json\/wp\/v2\/posts"}],"about":[{"href":"https:\/\/www.kelmis.be\/fr\/wp-json\/wp\/v2\/types\/post"}],"author":[{"embeddable":true,"href":"https:\/\/www.kelmis.be\/fr\/wp-json\/wp\/v2\/users\/2"}],"replies":[{"embeddable":true,"href":"https:\/\/www.kelmis.be\/fr\/wp-json\/wp\/v2\/comments?post=12088"}],"version-history":[{"count":1,"href":"https:\/\/www.kelmis.be\/fr\/wp-json\/wp\/v2\/posts\/12088\/revisions"}],"predecessor-version":[{"id":12089,"href":"https:\/\/www.kelmis.be\/fr\/wp-json\/wp\/v2\/posts\/12088\/revisions\/12089"}],"wp:featuredmedia":[{"embeddable":true,"href":"https:\/\/www.kelmis.be\/fr\/wp-json\/wp\/v2\/media\/6789"}],"wp:attachment":[{"href":"https:\/\/www.kelmis.be\/fr\/wp-json\/wp\/v2\/media?parent=12088"}],"wp:term":[{"taxonomy":"category","embeddable":true,"href":"https:\/\/www.kelmis.be\/fr\/wp-json\/wp\/v2\/categories?post=12088"},{"taxonomy":"post_tag","embeddable":true,"href":"https:\/\/www.kelmis.be\/fr\/wp-json\/wp\/v2\/tags?post=12088"}],"curies":[{"name":"wp","href":"https:\/\/api.w.org\/{rel}","templated":true}]}}