{"id":12046,"date":"2023-08-31T19:08:52","date_gmt":"2023-08-31T17:08:52","guid":{"rendered":"https:\/\/www.kelmis.be\/?p=12046"},"modified":"2023-08-31T19:08:52","modified_gmt":"2023-08-31T17:08:52","slug":"seance-dinformation-au-sujet-des-phases-2-et-3-du-reamenagement-de-la-place-de-leglise","status":"publish","type":"post","link":"https:\/\/www.kelmis.be\/fr\/evenement\/seance-dinformation-au-sujet-des-phases-2-et-3-du-reamenagement-de-la-place-de-leglise","title":{"rendered":"S\u00e9ance d&rsquo;information au sujet des phases 2 et 3 du r\u00e9am\u00e9nagement de la place de l\u2019\u00c9glise"},"content":{"rendered":"<p>Le jeudi 7 septembre \u00e0 19h30, les phases deux et trois du r\u00e9am\u00e9nagement de la place de l\u2019\u00c9glise seront pr\u00e9sent\u00e9es au Patronage. L&rsquo;architecte paysagiste Heinz Winters est responsable des travaux (am\u00e9nagement public des espaces verts et de l&rsquo;espace, y compris le contr\u00f4le des travaux \u00e0 effectuer) et expliquera les plans lors de cette soir\u00e9e.<\/p>\n<p>La r\u00e9union d&rsquo;information sera anim\u00e9e par Andr\u00e9 Goebels (Radio Contact &#8211; Ostbelgien Now) et enregistr\u00e9e par l&rsquo;\u00e9quipe TV de Radio Sunshine pour une diffusion ult\u00e9rieure. Autre point au programme de la soir\u00e9e : la pr\u00e9sentation des r\u00e9sultats de l&rsquo;\u00e9tude sur la mobilit\u00e9 autour de la place de l&rsquo;\u00c9glise. Invitation cordiale \u00e0 toutes et \u00e0 tous.<\/p>\n","protected":false},"excerpt":{"rendered":"Le jeudi 7 septembre \u00e0 19h30, les phases deux et trois du r\u00e9am\u00e9nagement de la place de l\u2019\u00c9glise seront pr\u00e9sent\u00e9es au Patronage. L&rsquo;architecte paysagiste Heinz Winters est responsable des travaux (am\u00e9nagement public des espaces verts et de l&rsquo;espace, y compris le contr\u00f4le des travaux \u00e0 effectuer) et expliquera les plans lors de cette soir\u00e9e. La [&hellip;]","protected":false},"author":2,"featured_media":12047,"comment_status":"closed","ping_status":"closed","sticky":false,"template":"","format":"standard","meta":{"_acf_changed":false,"footnotes":""},"categories":[73],"tags":[],"class_list":["post-12046","post","type-post","status-publish","format-standard","has-post-thumbnail","hentry","category-evenement"],"acf":[],"_links":{"self":[{"href":"https:\/\/www.kelmis.be\/fr\/wp-json\/wp\/v2\/posts\/12046","targetHints":{"allow":["GET"]}}],"collection":[{"href":"https:\/\/www.kelmis.be\/fr\/wp-json\/wp\/v2\/posts"}],"about":[{"href":"https:\/\/www.kelmis.be\/fr\/wp-json\/wp\/v2\/types\/post"}],"author":[{"embeddable":true,"href":"https:\/\/www.kelmis.be\/fr\/wp-json\/wp\/v2\/users\/2"}],"replies":[{"embeddable":true,"href":"https:\/\/www.kelmis.be\/fr\/wp-json\/wp\/v2\/comments?post=12046"}],"version-history":[{"count":1,"href":"https:\/\/www.kelmis.be\/fr\/wp-json\/wp\/v2\/posts\/12046\/revisions"}],"predecessor-version":[{"id":12048,"href":"https:\/\/www.kelmis.be\/fr\/wp-json\/wp\/v2\/posts\/12046\/revisions\/12048"}],"wp:featuredmedia":[{"embeddable":true,"href":"https:\/\/www.kelmis.be\/fr\/wp-json\/wp\/v2\/media\/12047"}],"wp:attachment":[{"href":"https:\/\/www.kelmis.be\/fr\/wp-json\/wp\/v2\/media?parent=12046"}],"wp:term":[{"taxonomy":"category","embeddable":true,"href":"https:\/\/www.kelmis.be\/fr\/wp-json\/wp\/v2\/categories?post=12046"},{"taxonomy":"post_tag","embeddable":true,"href":"https:\/\/www.kelmis.be\/fr\/wp-json\/wp\/v2\/tags?post=12046"}],"curies":[{"name":"wp","href":"https:\/\/api.w.org\/{rel}","templated":true}]}}