{"id":12031,"date":"2023-08-31T13:39:27","date_gmt":"2023-08-31T11:39:27","guid":{"rendered":"https:\/\/www.kelmis.be\/?p=12031"},"modified":"2023-08-31T13:39:27","modified_gmt":"2023-08-31T11:39:27","slug":"attention-des-escrocs-se-font-passer-pour-la-commune-de-la-calamine","status":"publish","type":"post","link":"https:\/\/www.kelmis.be\/fr\/depuis-la-maison-communale\/attention-des-escrocs-se-font-passer-pour-la-commune-de-la-calamine","title":{"rendered":"Attention : Des escrocs se font passer pour la commune de La Calamine"},"content":{"rendered":"<p>Plusieurs citoyens et citoyennes nous ont appel\u00e9s pour nous signaler l&rsquo;escroquerie suivante : Ces derniers jours, les personnes concern\u00e9es ont \u00e9t\u00e9 appel\u00e9es par des personnes se faisant passer pour la commune de La Calamine et demandant les coordonn\u00e9es bancaires confidentielles de leurs interlocuteurs. Ne donnez PAS suite \u00e0 cette invitation et signalez-le imm\u00e9diatement \u00e0 la police : 087\/450 460.<\/p>\n","protected":false},"excerpt":{"rendered":"Plusieurs citoyens et citoyennes nous ont appel\u00e9s pour nous signaler l&rsquo;escroquerie suivante : Ces derniers jours, les personnes concern\u00e9es ont \u00e9t\u00e9 appel\u00e9es par des personnes se faisant passer pour la commune de La Calamine et demandant les coordonn\u00e9es bancaires confidentielles de leurs interlocuteurs. Ne donnez PAS suite \u00e0 cette invitation et signalez-le imm\u00e9diatement \u00e0 la [&hellip;]","protected":false},"author":2,"featured_media":11571,"comment_status":"closed","ping_status":"closed","sticky":false,"template":"","format":"standard","meta":{"_acf_changed":false,"footnotes":""},"categories":[71],"tags":[],"class_list":["post-12031","post","type-post","status-publish","format-standard","has-post-thumbnail","hentry","category-depuis-la-maison-communale"],"acf":[],"_links":{"self":[{"href":"https:\/\/www.kelmis.be\/fr\/wp-json\/wp\/v2\/posts\/12031","targetHints":{"allow":["GET"]}}],"collection":[{"href":"https:\/\/www.kelmis.be\/fr\/wp-json\/wp\/v2\/posts"}],"about":[{"href":"https:\/\/www.kelmis.be\/fr\/wp-json\/wp\/v2\/types\/post"}],"author":[{"embeddable":true,"href":"https:\/\/www.kelmis.be\/fr\/wp-json\/wp\/v2\/users\/2"}],"replies":[{"embeddable":true,"href":"https:\/\/www.kelmis.be\/fr\/wp-json\/wp\/v2\/comments?post=12031"}],"version-history":[{"count":1,"href":"https:\/\/www.kelmis.be\/fr\/wp-json\/wp\/v2\/posts\/12031\/revisions"}],"predecessor-version":[{"id":12032,"href":"https:\/\/www.kelmis.be\/fr\/wp-json\/wp\/v2\/posts\/12031\/revisions\/12032"}],"wp:featuredmedia":[{"embeddable":true,"href":"https:\/\/www.kelmis.be\/fr\/wp-json\/wp\/v2\/media\/11571"}],"wp:attachment":[{"href":"https:\/\/www.kelmis.be\/fr\/wp-json\/wp\/v2\/media?parent=12031"}],"wp:term":[{"taxonomy":"category","embeddable":true,"href":"https:\/\/www.kelmis.be\/fr\/wp-json\/wp\/v2\/categories?post=12031"},{"taxonomy":"post_tag","embeddable":true,"href":"https:\/\/www.kelmis.be\/fr\/wp-json\/wp\/v2\/tags?post=12031"}],"curies":[{"name":"wp","href":"https:\/\/api.w.org\/{rel}","templated":true}]}}