{"id":11987,"date":"2023-08-28T19:52:44","date_gmt":"2023-08-28T17:52:44","guid":{"rendered":"https:\/\/www.kelmis.be\/?p=11987"},"modified":"2023-08-28T19:52:44","modified_gmt":"2023-08-28T17:52:44","slug":"willy-flueckiger-fete-son-90e-anniversaire","status":"publish","type":"post","link":"https:\/\/www.kelmis.be\/fr\/actualite-dans-la-commune\/willy-flueckiger-fete-son-90e-anniversaire","title":{"rendered":"WIlly Fl\u00fcckiger f\u00eate son 90e anniversaire"},"content":{"rendered":"<p>Nous f\u00e9licitons WIlly Fl\u00fcckiger pour son 90e anniversaire.<\/p>\n","protected":false},"excerpt":{"rendered":"Nous f\u00e9licitons WIlly Fl\u00fcckiger pour son 90e anniversaire.","protected":false},"author":2,"featured_media":11988,"comment_status":"closed","ping_status":"closed","sticky":false,"template":"","format":"standard","meta":{"_acf_changed":false,"footnotes":""},"categories":[70],"tags":[],"class_list":["post-11987","post","type-post","status-publish","format-standard","has-post-thumbnail","hentry","category-actualite-dans-la-commune"],"acf":[],"_links":{"self":[{"href":"https:\/\/www.kelmis.be\/fr\/wp-json\/wp\/v2\/posts\/11987","targetHints":{"allow":["GET"]}}],"collection":[{"href":"https:\/\/www.kelmis.be\/fr\/wp-json\/wp\/v2\/posts"}],"about":[{"href":"https:\/\/www.kelmis.be\/fr\/wp-json\/wp\/v2\/types\/post"}],"author":[{"embeddable":true,"href":"https:\/\/www.kelmis.be\/fr\/wp-json\/wp\/v2\/users\/2"}],"replies":[{"embeddable":true,"href":"https:\/\/www.kelmis.be\/fr\/wp-json\/wp\/v2\/comments?post=11987"}],"version-history":[{"count":1,"href":"https:\/\/www.kelmis.be\/fr\/wp-json\/wp\/v2\/posts\/11987\/revisions"}],"predecessor-version":[{"id":11989,"href":"https:\/\/www.kelmis.be\/fr\/wp-json\/wp\/v2\/posts\/11987\/revisions\/11989"}],"wp:featuredmedia":[{"embeddable":true,"href":"https:\/\/www.kelmis.be\/fr\/wp-json\/wp\/v2\/media\/11988"}],"wp:attachment":[{"href":"https:\/\/www.kelmis.be\/fr\/wp-json\/wp\/v2\/media?parent=11987"}],"wp:term":[{"taxonomy":"category","embeddable":true,"href":"https:\/\/www.kelmis.be\/fr\/wp-json\/wp\/v2\/categories?post=11987"},{"taxonomy":"post_tag","embeddable":true,"href":"https:\/\/www.kelmis.be\/fr\/wp-json\/wp\/v2\/tags?post=11987"}],"curies":[{"name":"wp","href":"https:\/\/api.w.org\/{rel}","templated":true}]}}