{"id":11959,"date":"2023-08-24T17:07:30","date_gmt":"2023-08-24T15:07:30","guid":{"rendered":"https:\/\/www.kelmis.be\/?p=11959"},"modified":"2023-08-24T17:07:30","modified_gmt":"2023-08-24T15:07:30","slug":"deux-nouveaux-maneges-a-notre-kermesse-8-au-12-septembre","status":"publish","type":"post","link":"https:\/\/www.kelmis.be\/fr\/evenement\/deux-nouveaux-maneges-a-notre-kermesse-8-au-12-septembre","title":{"rendered":"Deux nouveaux man\u00e8ges \u00e0 notre kermesse (8 au 12 septembre)"},"content":{"rendered":"<p>R\u00e9servez la date ! Demain, dans deux semaines, d\u00e9butera notre kermesse. L&rsquo;ouverture sur le terrain de la Coul est pr\u00e9vue \u00e0 18h30. Le premier jour, le vendredi, un premier temps fort sera le concours de dessin pour les enfants, qui pourront gagner des peluches et des bons pour des man\u00e8ges. Le mardi, c&rsquo;est la journ\u00e9e familiale avec des tarifs r\u00e9duits. Il y aura deux nouveaux man\u00e8ges : un pour les familles et un pour les enfants.<\/p>\n","protected":false},"excerpt":{"rendered":"R\u00e9servez la date ! Demain, dans deux semaines, d\u00e9butera notre kermesse. L&rsquo;ouverture sur le terrain de la Coul est pr\u00e9vue \u00e0 18h30. Le premier jour, le vendredi, un premier temps fort sera le concours de dessin pour les enfants, qui pourront gagner des peluches et des bons pour des man\u00e8ges. Le mardi, c&rsquo;est la journ\u00e9e [&hellip;]","protected":false},"author":2,"featured_media":11960,"comment_status":"closed","ping_status":"closed","sticky":false,"template":"","format":"standard","meta":{"_acf_changed":false,"footnotes":""},"categories":[73],"tags":[],"class_list":["post-11959","post","type-post","status-publish","format-standard","has-post-thumbnail","hentry","category-evenement"],"acf":[],"_links":{"self":[{"href":"https:\/\/www.kelmis.be\/fr\/wp-json\/wp\/v2\/posts\/11959","targetHints":{"allow":["GET"]}}],"collection":[{"href":"https:\/\/www.kelmis.be\/fr\/wp-json\/wp\/v2\/posts"}],"about":[{"href":"https:\/\/www.kelmis.be\/fr\/wp-json\/wp\/v2\/types\/post"}],"author":[{"embeddable":true,"href":"https:\/\/www.kelmis.be\/fr\/wp-json\/wp\/v2\/users\/2"}],"replies":[{"embeddable":true,"href":"https:\/\/www.kelmis.be\/fr\/wp-json\/wp\/v2\/comments?post=11959"}],"version-history":[{"count":1,"href":"https:\/\/www.kelmis.be\/fr\/wp-json\/wp\/v2\/posts\/11959\/revisions"}],"predecessor-version":[{"id":11961,"href":"https:\/\/www.kelmis.be\/fr\/wp-json\/wp\/v2\/posts\/11959\/revisions\/11961"}],"wp:featuredmedia":[{"embeddable":true,"href":"https:\/\/www.kelmis.be\/fr\/wp-json\/wp\/v2\/media\/11960"}],"wp:attachment":[{"href":"https:\/\/www.kelmis.be\/fr\/wp-json\/wp\/v2\/media?parent=11959"}],"wp:term":[{"taxonomy":"category","embeddable":true,"href":"https:\/\/www.kelmis.be\/fr\/wp-json\/wp\/v2\/categories?post=11959"},{"taxonomy":"post_tag","embeddable":true,"href":"https:\/\/www.kelmis.be\/fr\/wp-json\/wp\/v2\/tags?post=11959"}],"curies":[{"name":"wp","href":"https:\/\/api.w.org\/{rel}","templated":true}]}}