{"id":11952,"date":"2023-08-23T11:27:09","date_gmt":"2023-08-23T09:27:09","guid":{"rendered":"https:\/\/www.kelmis.be\/?p=11952"},"modified":"2023-08-23T11:27:09","modified_gmt":"2023-08-23T09:27:09","slug":"fete-de-la-ferme-a-hergenrath-le-17-septembre","status":"publish","type":"post","link":"https:\/\/www.kelmis.be\/fr\/evenement\/fete-de-la-ferme-a-hergenrath-le-17-septembre","title":{"rendered":"F\u00eate de la ferme \u00e0 Hergenrath le 17 septembre"},"content":{"rendered":"<p>Le dimanche 17 septembre, \u00e0 partir de 11 heures, l&rsquo;asbl Behindertenst\u00e4tten invite \u00e0 sa f\u00eate de la ferme au Tierhof Alte Kirche \u00e0 Hergenrath. Au programme : musique, animations pour enfants, d\u00e9licieux repas et boissons fra\u00eeches.<\/p>\n","protected":false},"excerpt":{"rendered":"Le dimanche 17 septembre, \u00e0 partir de 11 heures, l&rsquo;asbl Behindertenst\u00e4tten invite \u00e0 sa f\u00eate de la ferme au Tierhof Alte Kirche \u00e0 Hergenrath. Au programme : musique, animations pour enfants, d\u00e9licieux repas et boissons fra\u00eeches.","protected":false},"author":2,"featured_media":11953,"comment_status":"closed","ping_status":"closed","sticky":false,"template":"","format":"standard","meta":{"_acf_changed":false,"footnotes":""},"categories":[73],"tags":[],"class_list":["post-11952","post","type-post","status-publish","format-standard","has-post-thumbnail","hentry","category-evenement"],"acf":[],"_links":{"self":[{"href":"https:\/\/www.kelmis.be\/fr\/wp-json\/wp\/v2\/posts\/11952","targetHints":{"allow":["GET"]}}],"collection":[{"href":"https:\/\/www.kelmis.be\/fr\/wp-json\/wp\/v2\/posts"}],"about":[{"href":"https:\/\/www.kelmis.be\/fr\/wp-json\/wp\/v2\/types\/post"}],"author":[{"embeddable":true,"href":"https:\/\/www.kelmis.be\/fr\/wp-json\/wp\/v2\/users\/2"}],"replies":[{"embeddable":true,"href":"https:\/\/www.kelmis.be\/fr\/wp-json\/wp\/v2\/comments?post=11952"}],"version-history":[{"count":2,"href":"https:\/\/www.kelmis.be\/fr\/wp-json\/wp\/v2\/posts\/11952\/revisions"}],"predecessor-version":[{"id":11955,"href":"https:\/\/www.kelmis.be\/fr\/wp-json\/wp\/v2\/posts\/11952\/revisions\/11955"}],"wp:featuredmedia":[{"embeddable":true,"href":"https:\/\/www.kelmis.be\/fr\/wp-json\/wp\/v2\/media\/11953"}],"wp:attachment":[{"href":"https:\/\/www.kelmis.be\/fr\/wp-json\/wp\/v2\/media?parent=11952"}],"wp:term":[{"taxonomy":"category","embeddable":true,"href":"https:\/\/www.kelmis.be\/fr\/wp-json\/wp\/v2\/categories?post=11952"},{"taxonomy":"post_tag","embeddable":true,"href":"https:\/\/www.kelmis.be\/fr\/wp-json\/wp\/v2\/tags?post=11952"}],"curies":[{"name":"wp","href":"https:\/\/api.w.org\/{rel}","templated":true}]}}