{"id":11940,"date":"2023-08-21T15:33:24","date_gmt":"2023-08-21T13:33:24","guid":{"rendered":"https:\/\/www.kelmis.be\/?p=11940"},"modified":"2023-08-21T15:33:24","modified_gmt":"2023-08-21T13:33:24","slug":"surface-du-marche-hebdomadaire-agrandi","status":"publish","type":"post","link":"https:\/\/www.kelmis.be\/fr\/evenement\/surface-du-marche-hebdomadaire-agrandi","title":{"rendered":"Surface du march\u00e9 hebdomadaire agrandi"},"content":{"rendered":"<p>Une nouveaut\u00e9 pour notre march\u00e9 hebdomadaire du jeudi: la nouvelle route qui traverse la place de l&rsquo;\u00c9glise en venant du supermarch\u00e9 Carrefour sera ferm\u00e9e le jour du march\u00e9 hebdomadaire de 6 \u00e0 14 heures. Le march\u00e9 s&rsquo;\u00e9tendra donc \u00e0 toute la place devant l&rsquo;\u00e9glise. Les places de parking devant la poste et le Carrefour Market resteront accessibles aux automobilistes.<\/p>\n","protected":false},"excerpt":{"rendered":"Une nouveaut\u00e9 pour notre march\u00e9 hebdomadaire du jeudi: la nouvelle route qui traverse la place de l&rsquo;\u00c9glise en venant du supermarch\u00e9 Carrefour sera ferm\u00e9e le jour du march\u00e9 hebdomadaire de 6 \u00e0 14 heures. Le march\u00e9 s&rsquo;\u00e9tendra donc \u00e0 toute la place devant l&rsquo;\u00e9glise. Les places de parking devant la poste et le Carrefour Market [&hellip;]","protected":false},"author":2,"featured_media":11941,"comment_status":"closed","ping_status":"closed","sticky":false,"template":"","format":"standard","meta":{"_acf_changed":false,"footnotes":""},"categories":[73],"tags":[],"class_list":["post-11940","post","type-post","status-publish","format-standard","has-post-thumbnail","hentry","category-evenement"],"acf":[],"_links":{"self":[{"href":"https:\/\/www.kelmis.be\/fr\/wp-json\/wp\/v2\/posts\/11940","targetHints":{"allow":["GET"]}}],"collection":[{"href":"https:\/\/www.kelmis.be\/fr\/wp-json\/wp\/v2\/posts"}],"about":[{"href":"https:\/\/www.kelmis.be\/fr\/wp-json\/wp\/v2\/types\/post"}],"author":[{"embeddable":true,"href":"https:\/\/www.kelmis.be\/fr\/wp-json\/wp\/v2\/users\/2"}],"replies":[{"embeddable":true,"href":"https:\/\/www.kelmis.be\/fr\/wp-json\/wp\/v2\/comments?post=11940"}],"version-history":[{"count":1,"href":"https:\/\/www.kelmis.be\/fr\/wp-json\/wp\/v2\/posts\/11940\/revisions"}],"predecessor-version":[{"id":11942,"href":"https:\/\/www.kelmis.be\/fr\/wp-json\/wp\/v2\/posts\/11940\/revisions\/11942"}],"wp:featuredmedia":[{"embeddable":true,"href":"https:\/\/www.kelmis.be\/fr\/wp-json\/wp\/v2\/media\/11941"}],"wp:attachment":[{"href":"https:\/\/www.kelmis.be\/fr\/wp-json\/wp\/v2\/media?parent=11940"}],"wp:term":[{"taxonomy":"category","embeddable":true,"href":"https:\/\/www.kelmis.be\/fr\/wp-json\/wp\/v2\/categories?post=11940"},{"taxonomy":"post_tag","embeddable":true,"href":"https:\/\/www.kelmis.be\/fr\/wp-json\/wp\/v2\/tags?post=11940"}],"curies":[{"name":"wp","href":"https:\/\/api.w.org\/{rel}","templated":true}]}}