{"id":11921,"date":"2023-08-18T21:03:18","date_gmt":"2023-08-18T19:03:18","guid":{"rendered":"https:\/\/www.kelmis.be\/?p=11921"},"modified":"2023-08-18T21:03:18","modified_gmt":"2023-08-18T19:03:18","slug":"visite-inaugurale-de-la-bourgmestre-de-simpelveld","status":"publish","type":"post","link":"https:\/\/www.kelmis.be\/fr\/depuis-la-maison-communale\/visite-inaugurale-de-la-bourgmestre-de-simpelveld","title":{"rendered":"Visite inaugurale de la bourgmestre de Simpelveld"},"content":{"rendered":"<p>Visite inaugurale de la bourgmestre de Simpelveld, Suzanne Schepers, dans notre commune aujourd&rsquo;hui : Schepers a \u00e9t\u00e9 d\u00e9sign\u00e9e en avril comme nouvelle bourgmestre de la commune n\u00e9erlando-limbourgeoise. Schepers est la premi\u00e8re femme bourgmestre de l&rsquo;histoire de Simpelveld. Le bourgmestre Luc Frank et l&rsquo;\u00e9chevine Iris Lampertz ont accueilli Schepers dans notre maison communale et ont \u00e9chang\u00e9, entre autres, des concepts touristiques lors de la r\u00e9union de travail. Suzanne Schepers a longtemps habit\u00e9 \u00e0 La Calamine et conseille notre Conseil pour le vivre ensemble.<\/p>\n","protected":false},"excerpt":{"rendered":"Visite inaugurale de la bourgmestre de Simpelveld, Suzanne Schepers, dans notre commune aujourd&rsquo;hui : Schepers a \u00e9t\u00e9 d\u00e9sign\u00e9e en avril comme nouvelle bourgmestre de la commune n\u00e9erlando-limbourgeoise. Schepers est la premi\u00e8re femme bourgmestre de l&rsquo;histoire de Simpelveld. Le bourgmestre Luc Frank et l&rsquo;\u00e9chevine Iris Lampertz ont accueilli Schepers dans notre maison communale et ont \u00e9chang\u00e9, [&hellip;]","protected":false},"author":2,"featured_media":11922,"comment_status":"closed","ping_status":"closed","sticky":false,"template":"","format":"standard","meta":{"_acf_changed":false,"footnotes":""},"categories":[71],"tags":[],"class_list":["post-11921","post","type-post","status-publish","format-standard","has-post-thumbnail","hentry","category-depuis-la-maison-communale"],"acf":[],"_links":{"self":[{"href":"https:\/\/www.kelmis.be\/fr\/wp-json\/wp\/v2\/posts\/11921","targetHints":{"allow":["GET"]}}],"collection":[{"href":"https:\/\/www.kelmis.be\/fr\/wp-json\/wp\/v2\/posts"}],"about":[{"href":"https:\/\/www.kelmis.be\/fr\/wp-json\/wp\/v2\/types\/post"}],"author":[{"embeddable":true,"href":"https:\/\/www.kelmis.be\/fr\/wp-json\/wp\/v2\/users\/2"}],"replies":[{"embeddable":true,"href":"https:\/\/www.kelmis.be\/fr\/wp-json\/wp\/v2\/comments?post=11921"}],"version-history":[{"count":1,"href":"https:\/\/www.kelmis.be\/fr\/wp-json\/wp\/v2\/posts\/11921\/revisions"}],"predecessor-version":[{"id":11923,"href":"https:\/\/www.kelmis.be\/fr\/wp-json\/wp\/v2\/posts\/11921\/revisions\/11923"}],"wp:featuredmedia":[{"embeddable":true,"href":"https:\/\/www.kelmis.be\/fr\/wp-json\/wp\/v2\/media\/11922"}],"wp:attachment":[{"href":"https:\/\/www.kelmis.be\/fr\/wp-json\/wp\/v2\/media?parent=11921"}],"wp:term":[{"taxonomy":"category","embeddable":true,"href":"https:\/\/www.kelmis.be\/fr\/wp-json\/wp\/v2\/categories?post=11921"},{"taxonomy":"post_tag","embeddable":true,"href":"https:\/\/www.kelmis.be\/fr\/wp-json\/wp\/v2\/tags?post=11921"}],"curies":[{"name":"wp","href":"https:\/\/api.w.org\/{rel}","templated":true}]}}