{"id":11895,"date":"2023-08-10T15:19:24","date_gmt":"2023-08-10T13:19:24","guid":{"rendered":"https:\/\/www.kelmis.be\/?p=11895"},"modified":"2023-08-10T15:19:24","modified_gmt":"2023-08-10T13:19:24","slug":"cartes-a-gagner-pour-le-memorial-van-damme","status":"publish","type":"post","link":"https:\/\/www.kelmis.be\/fr\/evenement\/cartes-a-gagner-pour-le-memorial-van-damme","title":{"rendered":"Cartes \u00e0 gagner pour le Memorial Van Damme"},"content":{"rendered":"<p>Tu as entre 10 et 16 ans et tu souhaites voir de pr\u00e8s des stars mondiales de l&rsquo;athl\u00e9tisme ? Alors \u00e9cris-nous et participe au M\u00e9morial Van Damme le 8 septembre au stade Roi Baudouin \u00e0 Bruxelles. Qu&rsquo;est-ce qui t&rsquo;attend ? Nous partirons \u00e0 14 heures de la place de l&rsquo;\u00c9glise en direction de la capitale. Nous mangerons ensemble sur place. Ensuite, nous nous rendrons au stade o\u00f9 t&rsquo;attendent des performances de classe mondiale r\u00e9alis\u00e9es par des stars internationales de l&rsquo;athl\u00e9tisme. Apr\u00e8s la c\u00e9r\u00e9monie de cl\u00f4ture et le feu d&rsquo;artifice, nous rentrerons \u00e0 La Calamine. Nous tirons au sort 3&#215;2 billets pour ce moment fort. Si tu souhaites passer une belle journ\u00e9e avec un(e) ami(e), envoie-nous un e-mail avant le 21 ao\u00fbt (inclus) : verwaltung@kelmis.be, avec le sujet \u00ab M\u00e9morial Van Damme \u00bb. Les gagnants et les gagnantes seront contact\u00e9s personnellement.<\/p>\n<p>Bonne chance !<\/p>\n","protected":false},"excerpt":{"rendered":"Tu as entre 10 et 16 ans et tu souhaites voir de pr\u00e8s des stars mondiales de l&rsquo;athl\u00e9tisme ? Alors \u00e9cris-nous et participe au M\u00e9morial Van Damme le 8 septembre au stade Roi Baudouin \u00e0 Bruxelles. Qu&rsquo;est-ce qui t&rsquo;attend ? Nous partirons \u00e0 14 heures de la place de l&rsquo;\u00c9glise en direction de la capitale. [&hellip;]","protected":false},"author":2,"featured_media":11896,"comment_status":"closed","ping_status":"closed","sticky":false,"template":"","format":"standard","meta":{"_acf_changed":false,"footnotes":""},"categories":[73],"tags":[],"class_list":["post-11895","post","type-post","status-publish","format-standard","has-post-thumbnail","hentry","category-evenement"],"acf":[],"_links":{"self":[{"href":"https:\/\/www.kelmis.be\/fr\/wp-json\/wp\/v2\/posts\/11895","targetHints":{"allow":["GET"]}}],"collection":[{"href":"https:\/\/www.kelmis.be\/fr\/wp-json\/wp\/v2\/posts"}],"about":[{"href":"https:\/\/www.kelmis.be\/fr\/wp-json\/wp\/v2\/types\/post"}],"author":[{"embeddable":true,"href":"https:\/\/www.kelmis.be\/fr\/wp-json\/wp\/v2\/users\/2"}],"replies":[{"embeddable":true,"href":"https:\/\/www.kelmis.be\/fr\/wp-json\/wp\/v2\/comments?post=11895"}],"version-history":[{"count":1,"href":"https:\/\/www.kelmis.be\/fr\/wp-json\/wp\/v2\/posts\/11895\/revisions"}],"predecessor-version":[{"id":11897,"href":"https:\/\/www.kelmis.be\/fr\/wp-json\/wp\/v2\/posts\/11895\/revisions\/11897"}],"wp:featuredmedia":[{"embeddable":true,"href":"https:\/\/www.kelmis.be\/fr\/wp-json\/wp\/v2\/media\/11896"}],"wp:attachment":[{"href":"https:\/\/www.kelmis.be\/fr\/wp-json\/wp\/v2\/media?parent=11895"}],"wp:term":[{"taxonomy":"category","embeddable":true,"href":"https:\/\/www.kelmis.be\/fr\/wp-json\/wp\/v2\/categories?post=11895"},{"taxonomy":"post_tag","embeddable":true,"href":"https:\/\/www.kelmis.be\/fr\/wp-json\/wp\/v2\/tags?post=11895"}],"curies":[{"name":"wp","href":"https:\/\/api.w.org\/{rel}","templated":true}]}}