{"id":11881,"date":"2023-08-08T21:07:20","date_gmt":"2023-08-08T19:07:20","guid":{"rendered":"https:\/\/www.kelmis.be\/?p=11881"},"modified":"2023-08-08T21:07:58","modified_gmt":"2023-08-08T19:07:58","slug":"marche-hebdomadaire-uniquement-sur-la-surface-reamenageev-de-la-place-de-leglise","status":"publish","type":"post","link":"https:\/\/www.kelmis.be\/fr\/evenement\/marche-hebdomadaire-uniquement-sur-la-surface-reamenageev-de-la-place-de-leglise","title":{"rendered":"March\u00e9 hebdomadaire uniquement sur la surface r\u00e9am\u00e9nag\u00e9e de la place de l&rsquo;\u00c9glise"},"content":{"rendered":"<p>Jeudi matin, le march\u00e9 hebdomadaire fera son retour sur la place de l&rsquo;\u00c9glise. Mardi, des repr\u00e9sentants de la commune ont analys\u00e9 avec Christophe Born, porte-parole des commer\u00e7ants du march\u00e9, les possibilit\u00e9s sur la place de \u00c9glise r\u00e9am\u00e9nag\u00e9e. Il a \u00e9t\u00e9 d\u00e9cid\u00e9 que le march\u00e9 du jeudi se tiendrait exclusivement sur la surface fra\u00eechement am\u00e9nag\u00e9e. Aucun stand ne sera install\u00e9 sur le parking devant la poste pendant cette phase de test. Apr\u00e8s un mois, la situation sera \u00e9valu\u00e9e avec les commer\u00e7ants du march\u00e9.<\/p>\n","protected":false},"excerpt":{"rendered":"Jeudi matin, le march\u00e9 hebdomadaire fera son retour sur la place de l&rsquo;\u00c9glise. Mardi, des repr\u00e9sentants de la commune ont analys\u00e9 avec Christophe Born, porte-parole des commer\u00e7ants du march\u00e9, les possibilit\u00e9s sur la place de \u00c9glise r\u00e9am\u00e9nag\u00e9e. Il a \u00e9t\u00e9 d\u00e9cid\u00e9 que le march\u00e9 du jeudi se tiendrait exclusivement sur la surface fra\u00eechement am\u00e9nag\u00e9e. Aucun [&hellip;]","protected":false},"author":2,"featured_media":11882,"comment_status":"closed","ping_status":"closed","sticky":false,"template":"","format":"standard","meta":{"_acf_changed":false,"footnotes":""},"categories":[73],"tags":[],"class_list":["post-11881","post","type-post","status-publish","format-standard","has-post-thumbnail","hentry","category-evenement"],"acf":[],"_links":{"self":[{"href":"https:\/\/www.kelmis.be\/fr\/wp-json\/wp\/v2\/posts\/11881","targetHints":{"allow":["GET"]}}],"collection":[{"href":"https:\/\/www.kelmis.be\/fr\/wp-json\/wp\/v2\/posts"}],"about":[{"href":"https:\/\/www.kelmis.be\/fr\/wp-json\/wp\/v2\/types\/post"}],"author":[{"embeddable":true,"href":"https:\/\/www.kelmis.be\/fr\/wp-json\/wp\/v2\/users\/2"}],"replies":[{"embeddable":true,"href":"https:\/\/www.kelmis.be\/fr\/wp-json\/wp\/v2\/comments?post=11881"}],"version-history":[{"count":2,"href":"https:\/\/www.kelmis.be\/fr\/wp-json\/wp\/v2\/posts\/11881\/revisions"}],"predecessor-version":[{"id":11884,"href":"https:\/\/www.kelmis.be\/fr\/wp-json\/wp\/v2\/posts\/11881\/revisions\/11884"}],"wp:featuredmedia":[{"embeddable":true,"href":"https:\/\/www.kelmis.be\/fr\/wp-json\/wp\/v2\/media\/11882"}],"wp:attachment":[{"href":"https:\/\/www.kelmis.be\/fr\/wp-json\/wp\/v2\/media?parent=11881"}],"wp:term":[{"taxonomy":"category","embeddable":true,"href":"https:\/\/www.kelmis.be\/fr\/wp-json\/wp\/v2\/categories?post=11881"},{"taxonomy":"post_tag","embeddable":true,"href":"https:\/\/www.kelmis.be\/fr\/wp-json\/wp\/v2\/tags?post=11881"}],"curies":[{"name":"wp","href":"https:\/\/api.w.org\/{rel}","templated":true}]}}