{"id":11861,"date":"2023-08-07T10:28:57","date_gmt":"2023-08-07T08:28:57","guid":{"rendered":"https:\/\/www.kelmis.be\/?p=11861"},"modified":"2023-08-07T10:28:57","modified_gmt":"2023-08-07T08:28:57","slug":"la-marche-hebdomadaire-de-retour-sur-la-place-de-leglise-ce-jeudi","status":"publish","type":"post","link":"https:\/\/www.kelmis.be\/fr\/evenement\/la-marche-hebdomadaire-de-retour-sur-la-place-de-leglise-ce-jeudi","title":{"rendered":"La march\u00e9 hebdomadaire de retour sur la place de l&rsquo;\u00c9glise ce jeudi"},"content":{"rendered":"<p>Le jeudi matin, le march\u00e9 hebdomadaire se tiendra \u00e0 nouveau sur la place de \u00c9glise. En cons\u00e9quence, aucune voiture ne pourra \u00eatre gar\u00e9e sur le parking devant le b\u00e2timent de la poste \u00e0 partir de 5 heures du matin.<\/p>\n","protected":false},"excerpt":{"rendered":"Le jeudi matin, le march\u00e9 hebdomadaire se tiendra \u00e0 nouveau sur la place de \u00c9glise. En cons\u00e9quence, aucune voiture ne pourra \u00eatre gar\u00e9e sur le parking devant le b\u00e2timent de la poste \u00e0 partir de 5 heures du matin.","protected":false},"author":2,"featured_media":11862,"comment_status":"closed","ping_status":"closed","sticky":false,"template":"","format":"standard","meta":{"_acf_changed":false,"footnotes":""},"categories":[73],"tags":[],"class_list":["post-11861","post","type-post","status-publish","format-standard","has-post-thumbnail","hentry","category-evenement"],"acf":[],"_links":{"self":[{"href":"https:\/\/www.kelmis.be\/fr\/wp-json\/wp\/v2\/posts\/11861","targetHints":{"allow":["GET"]}}],"collection":[{"href":"https:\/\/www.kelmis.be\/fr\/wp-json\/wp\/v2\/posts"}],"about":[{"href":"https:\/\/www.kelmis.be\/fr\/wp-json\/wp\/v2\/types\/post"}],"author":[{"embeddable":true,"href":"https:\/\/www.kelmis.be\/fr\/wp-json\/wp\/v2\/users\/2"}],"replies":[{"embeddable":true,"href":"https:\/\/www.kelmis.be\/fr\/wp-json\/wp\/v2\/comments?post=11861"}],"version-history":[{"count":1,"href":"https:\/\/www.kelmis.be\/fr\/wp-json\/wp\/v2\/posts\/11861\/revisions"}],"predecessor-version":[{"id":11863,"href":"https:\/\/www.kelmis.be\/fr\/wp-json\/wp\/v2\/posts\/11861\/revisions\/11863"}],"wp:featuredmedia":[{"embeddable":true,"href":"https:\/\/www.kelmis.be\/fr\/wp-json\/wp\/v2\/media\/11862"}],"wp:attachment":[{"href":"https:\/\/www.kelmis.be\/fr\/wp-json\/wp\/v2\/media?parent=11861"}],"wp:term":[{"taxonomy":"category","embeddable":true,"href":"https:\/\/www.kelmis.be\/fr\/wp-json\/wp\/v2\/categories?post=11861"},{"taxonomy":"post_tag","embeddable":true,"href":"https:\/\/www.kelmis.be\/fr\/wp-json\/wp\/v2\/tags?post=11861"}],"curies":[{"name":"wp","href":"https:\/\/api.w.org\/{rel}","templated":true}]}}