{"id":11847,"date":"2023-08-02T12:19:28","date_gmt":"2023-08-02T10:19:28","guid":{"rendered":"https:\/\/www.kelmis.be\/?p=11847"},"modified":"2023-08-02T12:20:34","modified_gmt":"2023-08-02T10:20:34","slug":"chill-im-park-annule-a-cause-de-la-meteo","status":"publish","type":"post","link":"https:\/\/www.kelmis.be\/fr\/actualite-dans-la-commune\/chill-im-park-annule-a-cause-de-la-meteo","title":{"rendered":"\u00ab Chill im Park \u00bb annul\u00e9 \u00e0 cause de la m\u00e9t\u00e9o"},"content":{"rendered":"<p>En raison des mauvaises conditions m\u00e9t\u00e9orologiques annonc\u00e9es, \u00ab Chill im Park \u00bb ne pourra malheureusement pas avoir lieu dimanche. Il en va de m\u00eame pour le march\u00e9 \u00ab Four-Country-Market \u00bb qui \u00e9tait \u00e9galement pr\u00e9vu le dimanche. Merci de votre compr\u00e9hension.<\/p>\n<p>&nbsp;<\/p>\n<p>Photo: Inge Maria (Unsplash)<\/p>\n","protected":false},"excerpt":{"rendered":"En raison des mauvaises conditions m\u00e9t\u00e9orologiques annonc\u00e9es, \u00ab Chill im Park \u00bb ne pourra malheureusement pas avoir lieu dimanche. Il en va de m\u00eame pour le march\u00e9 \u00ab Four-Country-Market \u00bb qui \u00e9tait \u00e9galement pr\u00e9vu le dimanche. Merci de votre compr\u00e9hension. &nbsp; Photo: Inge Maria (Unsplash)","protected":false},"author":2,"featured_media":11848,"comment_status":"closed","ping_status":"closed","sticky":false,"template":"","format":"standard","meta":{"_acf_changed":false,"footnotes":""},"categories":[70],"tags":[],"class_list":["post-11847","post","type-post","status-publish","format-standard","has-post-thumbnail","hentry","category-actualite-dans-la-commune"],"acf":[],"_links":{"self":[{"href":"https:\/\/www.kelmis.be\/fr\/wp-json\/wp\/v2\/posts\/11847","targetHints":{"allow":["GET"]}}],"collection":[{"href":"https:\/\/www.kelmis.be\/fr\/wp-json\/wp\/v2\/posts"}],"about":[{"href":"https:\/\/www.kelmis.be\/fr\/wp-json\/wp\/v2\/types\/post"}],"author":[{"embeddable":true,"href":"https:\/\/www.kelmis.be\/fr\/wp-json\/wp\/v2\/users\/2"}],"replies":[{"embeddable":true,"href":"https:\/\/www.kelmis.be\/fr\/wp-json\/wp\/v2\/comments?post=11847"}],"version-history":[{"count":2,"href":"https:\/\/www.kelmis.be\/fr\/wp-json\/wp\/v2\/posts\/11847\/revisions"}],"predecessor-version":[{"id":11850,"href":"https:\/\/www.kelmis.be\/fr\/wp-json\/wp\/v2\/posts\/11847\/revisions\/11850"}],"wp:featuredmedia":[{"embeddable":true,"href":"https:\/\/www.kelmis.be\/fr\/wp-json\/wp\/v2\/media\/11848"}],"wp:attachment":[{"href":"https:\/\/www.kelmis.be\/fr\/wp-json\/wp\/v2\/media?parent=11847"}],"wp:term":[{"taxonomy":"category","embeddable":true,"href":"https:\/\/www.kelmis.be\/fr\/wp-json\/wp\/v2\/categories?post=11847"},{"taxonomy":"post_tag","embeddable":true,"href":"https:\/\/www.kelmis.be\/fr\/wp-json\/wp\/v2\/tags?post=11847"}],"curies":[{"name":"wp","href":"https:\/\/api.w.org\/{rel}","templated":true}]}}