{"id":11805,"date":"2023-07-24T15:28:44","date_gmt":"2023-07-24T13:28:44","guid":{"rendered":"https:\/\/www.kelmis.be\/?p=11805"},"modified":"2023-07-24T15:28:44","modified_gmt":"2023-07-24T13:28:44","slug":"dernier-week-end-des-concerts-en-terrasse","status":"publish","type":"post","link":"https:\/\/www.kelmis.be\/fr\/evenement\/dernier-week-end-des-concerts-en-terrasse","title":{"rendered":"Dernier week-end des concerts en terrasse"},"content":{"rendered":"<p>Le week-end prochain, les concerts en terrasse dans notre commune se terminent. Samedi, Dive se produira \u00e0 18h \u00e0 \u00ab D&rsquo;r Lange Ruwe \u00bb, \u00e0 19h15 devant le Ratskeller et \u00e0 20h30 au Caf\u00e9 des Artistes. Le dimanche 30 juillet, The Straps se produiront \u00e0 16h au Winkel, \u00e0 17h15 au Ratskeller et \u00e0 18h45 sur la terrasse devant le Park Caf\u00e9. De son c\u00f4t\u00e9, Spring Tree joue \u00e0 16h devant le Petit Caf\u00e9 et \u00e0 19h15 \u00e0 la Maison Charlemagne. Ils se produiront \u00e0 17h15 dans le cadre de la kermesse de Hergenrath.<\/p>\n","protected":false},"excerpt":{"rendered":"Le week-end prochain, les concerts en terrasse dans notre commune se terminent. Samedi, Dive se produira \u00e0 18h \u00e0 \u00ab D&rsquo;r Lange Ruwe \u00bb, \u00e0 19h15 devant le Ratskeller et \u00e0 20h30 au Caf\u00e9 des Artistes. Le dimanche 30 juillet, The Straps se produiront \u00e0 16h au Winkel, \u00e0 17h15 au Ratskeller et \u00e0 18h45 [&hellip;]","protected":false},"author":2,"featured_media":11571,"comment_status":"closed","ping_status":"closed","sticky":false,"template":"","format":"standard","meta":{"_acf_changed":false,"footnotes":""},"categories":[73],"tags":[],"class_list":["post-11805","post","type-post","status-publish","format-standard","has-post-thumbnail","hentry","category-evenement"],"acf":[],"_links":{"self":[{"href":"https:\/\/www.kelmis.be\/fr\/wp-json\/wp\/v2\/posts\/11805","targetHints":{"allow":["GET"]}}],"collection":[{"href":"https:\/\/www.kelmis.be\/fr\/wp-json\/wp\/v2\/posts"}],"about":[{"href":"https:\/\/www.kelmis.be\/fr\/wp-json\/wp\/v2\/types\/post"}],"author":[{"embeddable":true,"href":"https:\/\/www.kelmis.be\/fr\/wp-json\/wp\/v2\/users\/2"}],"replies":[{"embeddable":true,"href":"https:\/\/www.kelmis.be\/fr\/wp-json\/wp\/v2\/comments?post=11805"}],"version-history":[{"count":1,"href":"https:\/\/www.kelmis.be\/fr\/wp-json\/wp\/v2\/posts\/11805\/revisions"}],"predecessor-version":[{"id":11806,"href":"https:\/\/www.kelmis.be\/fr\/wp-json\/wp\/v2\/posts\/11805\/revisions\/11806"}],"wp:featuredmedia":[{"embeddable":true,"href":"https:\/\/www.kelmis.be\/fr\/wp-json\/wp\/v2\/media\/11571"}],"wp:attachment":[{"href":"https:\/\/www.kelmis.be\/fr\/wp-json\/wp\/v2\/media?parent=11805"}],"wp:term":[{"taxonomy":"category","embeddable":true,"href":"https:\/\/www.kelmis.be\/fr\/wp-json\/wp\/v2\/categories?post=11805"},{"taxonomy":"post_tag","embeddable":true,"href":"https:\/\/www.kelmis.be\/fr\/wp-json\/wp\/v2\/tags?post=11805"}],"curies":[{"name":"wp","href":"https:\/\/api.w.org\/{rel}","templated":true}]}}