{"id":11791,"date":"2023-07-21T13:35:14","date_gmt":"2023-07-21T11:35:14","guid":{"rendered":"https:\/\/www.kelmis.be\/?p=11791"},"modified":"2023-07-21T13:35:14","modified_gmt":"2023-07-21T11:35:14","slug":"guido-staps-et-collegians-band-tetes-daffiche-de-nos-concerts-en-terrasse-ce-week-end","status":"publish","type":"post","link":"https:\/\/www.kelmis.be\/fr\/evenement\/guido-staps-et-collegians-band-tetes-daffiche-de-nos-concerts-en-terrasse-ce-week-end","title":{"rendered":"Guido Staps et Collegian&rsquo;s Band t\u00eates d&rsquo;affiche de nos concerts en terrasse ce week-end"},"content":{"rendered":"<p>Samedi, notre s\u00e9rie de concerts en terrasse se poursuivra. Guido Staps se produira \u00e0 18 heures \u00e0 la terrasse devant le Park Caf\u00e9. \u00c0 19h15, il sera au Petit Caf\u00e9 et \u00e0 20h30 devant le Caf\u00e9 des Artistes. Dimanche se sera au tour de la Collegiansband. Ils joueront \u00e0 16h au Select, \u00e0 17h devant le Ratskeller, \u00e0 18h \u00e0 la Maison Charlemagne et \u00e0 19h \u00e0 \u00ab D&rsquo;r Lange Ruwe \u00bb.<\/p>\n","protected":false},"excerpt":{"rendered":"Samedi, notre s\u00e9rie de concerts en terrasse se poursuivra. Guido Staps se produira \u00e0 18 heures \u00e0 la terrasse devant le Park Caf\u00e9. \u00c0 19h15, il sera au Petit Caf\u00e9 et \u00e0 20h30 devant le Caf\u00e9 des Artistes. Dimanche se sera au tour de la Collegiansband. Ils joueront \u00e0 16h au Select, \u00e0 17h devant [&hellip;]","protected":false},"author":2,"featured_media":11288,"comment_status":"closed","ping_status":"closed","sticky":false,"template":"","format":"standard","meta":{"_acf_changed":false,"footnotes":""},"categories":[73],"tags":[],"class_list":["post-11791","post","type-post","status-publish","format-standard","has-post-thumbnail","hentry","category-evenement"],"acf":[],"_links":{"self":[{"href":"https:\/\/www.kelmis.be\/fr\/wp-json\/wp\/v2\/posts\/11791","targetHints":{"allow":["GET"]}}],"collection":[{"href":"https:\/\/www.kelmis.be\/fr\/wp-json\/wp\/v2\/posts"}],"about":[{"href":"https:\/\/www.kelmis.be\/fr\/wp-json\/wp\/v2\/types\/post"}],"author":[{"embeddable":true,"href":"https:\/\/www.kelmis.be\/fr\/wp-json\/wp\/v2\/users\/2"}],"replies":[{"embeddable":true,"href":"https:\/\/www.kelmis.be\/fr\/wp-json\/wp\/v2\/comments?post=11791"}],"version-history":[{"count":1,"href":"https:\/\/www.kelmis.be\/fr\/wp-json\/wp\/v2\/posts\/11791\/revisions"}],"predecessor-version":[{"id":11792,"href":"https:\/\/www.kelmis.be\/fr\/wp-json\/wp\/v2\/posts\/11791\/revisions\/11792"}],"wp:featuredmedia":[{"embeddable":true,"href":"https:\/\/www.kelmis.be\/fr\/wp-json\/wp\/v2\/media\/11288"}],"wp:attachment":[{"href":"https:\/\/www.kelmis.be\/fr\/wp-json\/wp\/v2\/media?parent=11791"}],"wp:term":[{"taxonomy":"category","embeddable":true,"href":"https:\/\/www.kelmis.be\/fr\/wp-json\/wp\/v2\/categories?post=11791"},{"taxonomy":"post_tag","embeddable":true,"href":"https:\/\/www.kelmis.be\/fr\/wp-json\/wp\/v2\/tags?post=11791"}],"curies":[{"name":"wp","href":"https:\/\/api.w.org\/{rel}","templated":true}]}}