{"id":11631,"date":"2023-06-22T14:26:17","date_gmt":"2023-06-22T12:26:17","guid":{"rendered":"https:\/\/www.kelmis.be\/?p=11631"},"modified":"2023-06-28T09:18:12","modified_gmt":"2023-06-28T07:18:12","slug":"remy-bricka-le-1er-juillet-sur-nos-terrasses-les-lieux-et-les-horaires-sont-connus","status":"publish","type":"post","link":"https:\/\/www.kelmis.be\/fr\/evenement\/remy-bricka-le-1er-juillet-sur-nos-terrasses-les-lieux-et-les-horaires-sont-connus","title":{"rendered":"R\u00e9my Bricka le 1er juillet sur nos terrasses : Voici les lieux et les horaires"},"content":{"rendered":"<p>Les dates et heures exactes du premier week-end de notre s\u00e9rie de concerts en terrasse sont disponibles : R\u00e9my Bricka, l&rsquo;homme-orchestre fran\u00e7ais, se produira le samedi 1er juillet \u00e0 18 heures devant le Petit Caf\u00e9 sur la rue de Li\u00e8ge. Il sera ensuite invit\u00e9 au Select \u00e0 19h15. Il terminera sa tourn\u00e9e de concerts \u00e0 partir de 20h30 sur la terrasse devant le Park Caf\u00e9. Le dimanche, ce sera au tour des Shettys (Jacky Hagelstein et ses fils Simon et Yves). Ils joueront \u00e0 16h au Caf\u00e9 des Artistes, \u00e0 17 heures devant la Maison Charlemagne, \u00e0 18h au Lange Ruwe et \u00e0 19h au Winkel \u00e0 Hergenrath.<\/p>\n","protected":false},"excerpt":{"rendered":"Les dates et heures exactes du premier week-end de notre s\u00e9rie de concerts en terrasse sont disponibles : R\u00e9my Bricka, l&rsquo;homme-orchestre fran\u00e7ais, se produira le samedi 1er juillet \u00e0 18 heures devant le Petit Caf\u00e9 sur la rue de Li\u00e8ge. Il sera ensuite invit\u00e9 au Select \u00e0 19h15. Il terminera sa tourn\u00e9e de concerts \u00e0 [&hellip;]","protected":false},"author":2,"featured_media":11632,"comment_status":"closed","ping_status":"closed","sticky":false,"template":"","format":"standard","meta":{"_acf_changed":false,"footnotes":""},"categories":[73],"tags":[],"class_list":["post-11631","post","type-post","status-publish","format-standard","has-post-thumbnail","hentry","category-evenement"],"acf":[],"_links":{"self":[{"href":"https:\/\/www.kelmis.be\/fr\/wp-json\/wp\/v2\/posts\/11631","targetHints":{"allow":["GET"]}}],"collection":[{"href":"https:\/\/www.kelmis.be\/fr\/wp-json\/wp\/v2\/posts"}],"about":[{"href":"https:\/\/www.kelmis.be\/fr\/wp-json\/wp\/v2\/types\/post"}],"author":[{"embeddable":true,"href":"https:\/\/www.kelmis.be\/fr\/wp-json\/wp\/v2\/users\/2"}],"replies":[{"embeddable":true,"href":"https:\/\/www.kelmis.be\/fr\/wp-json\/wp\/v2\/comments?post=11631"}],"version-history":[{"count":3,"href":"https:\/\/www.kelmis.be\/fr\/wp-json\/wp\/v2\/posts\/11631\/revisions"}],"predecessor-version":[{"id":11647,"href":"https:\/\/www.kelmis.be\/fr\/wp-json\/wp\/v2\/posts\/11631\/revisions\/11647"}],"wp:featuredmedia":[{"embeddable":true,"href":"https:\/\/www.kelmis.be\/fr\/wp-json\/wp\/v2\/media\/11632"}],"wp:attachment":[{"href":"https:\/\/www.kelmis.be\/fr\/wp-json\/wp\/v2\/media?parent=11631"}],"wp:term":[{"taxonomy":"category","embeddable":true,"href":"https:\/\/www.kelmis.be\/fr\/wp-json\/wp\/v2\/categories?post=11631"},{"taxonomy":"post_tag","embeddable":true,"href":"https:\/\/www.kelmis.be\/fr\/wp-json\/wp\/v2\/tags?post=11631"}],"curies":[{"name":"wp","href":"https:\/\/api.w.org\/{rel}","templated":true}]}}