{"id":11561,"date":"2023-06-19T19:56:37","date_gmt":"2023-06-19T17:56:37","guid":{"rendered":"https:\/\/www.kelmis.be\/?p=11561"},"modified":"2023-06-19T19:57:15","modified_gmt":"2023-06-19T17:57:15","slug":"baudouin-bonni-et-annie-vandeberg-ont-fete-leurs-noces-de-diamant","status":"publish","type":"post","link":"https:\/\/www.kelmis.be\/fr\/actualite-dans-la-commune\/baudouin-bonni-et-annie-vandeberg-ont-fete-leurs-noces-de-diamant","title":{"rendered":"Baudouin Bonni et Annie Vandeberg ont f\u00eat\u00e9 leurs noces de diamant"},"content":{"rendered":"<p>Nous f\u00e9licitons Baudouin Bonni et Annie Vandeberg pour leurs noces de diamant.<\/p>\n","protected":false},"excerpt":{"rendered":"Nous f\u00e9licitons Baudouin Bonni et Annie Vandeberg pour leurs noces de diamant.","protected":false},"author":2,"featured_media":11562,"comment_status":"closed","ping_status":"closed","sticky":false,"template":"","format":"standard","meta":{"_acf_changed":false,"footnotes":""},"categories":[70],"tags":[],"class_list":["post-11561","post","type-post","status-publish","format-standard","has-post-thumbnail","hentry","category-actualite-dans-la-commune"],"acf":[],"_links":{"self":[{"href":"https:\/\/www.kelmis.be\/fr\/wp-json\/wp\/v2\/posts\/11561","targetHints":{"allow":["GET"]}}],"collection":[{"href":"https:\/\/www.kelmis.be\/fr\/wp-json\/wp\/v2\/posts"}],"about":[{"href":"https:\/\/www.kelmis.be\/fr\/wp-json\/wp\/v2\/types\/post"}],"author":[{"embeddable":true,"href":"https:\/\/www.kelmis.be\/fr\/wp-json\/wp\/v2\/users\/2"}],"replies":[{"embeddable":true,"href":"https:\/\/www.kelmis.be\/fr\/wp-json\/wp\/v2\/comments?post=11561"}],"version-history":[{"count":1,"href":"https:\/\/www.kelmis.be\/fr\/wp-json\/wp\/v2\/posts\/11561\/revisions"}],"predecessor-version":[{"id":11563,"href":"https:\/\/www.kelmis.be\/fr\/wp-json\/wp\/v2\/posts\/11561\/revisions\/11563"}],"wp:featuredmedia":[{"embeddable":true,"href":"https:\/\/www.kelmis.be\/fr\/wp-json\/wp\/v2\/media\/11562"}],"wp:attachment":[{"href":"https:\/\/www.kelmis.be\/fr\/wp-json\/wp\/v2\/media?parent=11561"}],"wp:term":[{"taxonomy":"category","embeddable":true,"href":"https:\/\/www.kelmis.be\/fr\/wp-json\/wp\/v2\/categories?post=11561"},{"taxonomy":"post_tag","embeddable":true,"href":"https:\/\/www.kelmis.be\/fr\/wp-json\/wp\/v2\/tags?post=11561"}],"curies":[{"name":"wp","href":"https:\/\/api.w.org\/{rel}","templated":true}]}}