{"id":11493,"date":"2023-06-12T10:23:18","date_gmt":"2023-06-12T08:23:18","guid":{"rendered":"https:\/\/www.kelmis.be\/?p=11493"},"modified":"2023-06-12T11:13:43","modified_gmt":"2023-06-12T09:13:43","slug":"le-parking-a-la-rue-de-la-chapelle-est-un-terrain-prive-interdiction-de-se-garer","status":"publish","type":"post","link":"https:\/\/www.kelmis.be\/fr\/non-classifiee\/le-parking-a-la-rue-de-la-chapelle-est-un-terrain-prive-interdiction-de-se-garer","title":{"rendered":"Le parking \u00e0 la rue de la Chapelle est un terrain priv\u00e9 &#8211; Interdiction de se garer"},"content":{"rendered":"<p>Suite \u00e0 des demandes de la population, voici une pr\u00e9cision importante : le parking qui se trouve en haut de la rue de la Chapelle est un terrain priv\u00e9 et non public. Il est donc interdit de s&rsquo;y garer.<\/p>\n","protected":false},"excerpt":{"rendered":"Suite \u00e0 des demandes de la population, voici une pr\u00e9cision importante : le parking qui se trouve en haut de la rue de la Chapelle est un terrain priv\u00e9 et non public. Il est donc interdit de s&rsquo;y garer.","protected":false},"author":2,"featured_media":11494,"comment_status":"closed","ping_status":"closed","sticky":false,"template":"","format":"standard","meta":{"_acf_changed":false,"footnotes":""},"categories":[4],"tags":[],"class_list":["post-11493","post","type-post","status-publish","format-standard","has-post-thumbnail","hentry","category-non-classifiee"],"acf":[],"_links":{"self":[{"href":"https:\/\/www.kelmis.be\/fr\/wp-json\/wp\/v2\/posts\/11493","targetHints":{"allow":["GET"]}}],"collection":[{"href":"https:\/\/www.kelmis.be\/fr\/wp-json\/wp\/v2\/posts"}],"about":[{"href":"https:\/\/www.kelmis.be\/fr\/wp-json\/wp\/v2\/types\/post"}],"author":[{"embeddable":true,"href":"https:\/\/www.kelmis.be\/fr\/wp-json\/wp\/v2\/users\/2"}],"replies":[{"embeddable":true,"href":"https:\/\/www.kelmis.be\/fr\/wp-json\/wp\/v2\/comments?post=11493"}],"version-history":[{"count":1,"href":"https:\/\/www.kelmis.be\/fr\/wp-json\/wp\/v2\/posts\/11493\/revisions"}],"predecessor-version":[{"id":11495,"href":"https:\/\/www.kelmis.be\/fr\/wp-json\/wp\/v2\/posts\/11493\/revisions\/11495"}],"wp:featuredmedia":[{"embeddable":true,"href":"https:\/\/www.kelmis.be\/fr\/wp-json\/wp\/v2\/media\/11494"}],"wp:attachment":[{"href":"https:\/\/www.kelmis.be\/fr\/wp-json\/wp\/v2\/media?parent=11493"}],"wp:term":[{"taxonomy":"category","embeddable":true,"href":"https:\/\/www.kelmis.be\/fr\/wp-json\/wp\/v2\/categories?post=11493"},{"taxonomy":"post_tag","embeddable":true,"href":"https:\/\/www.kelmis.be\/fr\/wp-json\/wp\/v2\/tags?post=11493"}],"curies":[{"name":"wp","href":"https:\/\/api.w.org\/{rel}","templated":true}]}}