{"id":11468,"date":"2023-06-08T18:06:15","date_gmt":"2023-06-08T16:06:15","guid":{"rendered":"https:\/\/www.kelmis.be\/?p=11468"},"modified":"2023-06-20T12:44:48","modified_gmt":"2023-06-20T10:44:48","slug":"demande-de-permis-durbanisme-de-kathleos","status":"publish","type":"post","link":"https:\/\/www.kelmis.be\/fr\/depuis-la-maison-communale\/demande-de-permis-durbanisme-de-kathleos","title":{"rendered":"Demande de permis d&rsquo;urbanisme de Kathleos"},"content":{"rendered":"<p>Le coll\u00e8ge communal fait savoir qu\u2019il est saisi d\u2019une demande de permis d&rsquo;urbanisme : Permis d\u2019urbanisme et le changement d\u2019une voirie dans le cadre du d\u00e9cret voirie communale. Le demandeur est KATHLEOS. Le terrain concern\u00e9 est situ\u00e9 Place de l\u2019Eglise \u00e0 La Calamine.<\/p>\n<p>Le projet consiste dans la d\u00e9molition de 3 b\u00e2timents comprenant des logements et des surfaces commerciales et construction d&rsquo;un b\u00e2timent comprenant des commerces, une cr\u00e8che et des logements pour personnes \u00e2g\u00e9es, ainsi que l&rsquo;abattage d&rsquo;arbres et d&rsquo;arbuste. Le dossier peut \u00eatre consult\u00e9 durant la p\u00e9riode d\u2019enqu\u00eate \u00e0 la maison communale\u00a0:<\/p>\n<p>&#8211; uniquement sur rendez-vous;<\/p>\n<p>&#8211; le 15.06.2023, 22.06.2023, 29.06.2023 et 06.07.2023 \u00e9galement possible jusqu&rsquo;\u00e0 20 heures;<\/p>\n<p>Pour les consultations jusqu\u2019\u00e0 20 heures, un rendez-vous doit \u00eatre pris au plus tard 24 heures \u00e0 l\u2019avance aupr\u00e8s de St. FALKENBERG Tel.: 087 \/ 63 98 38 ou O. LUCHTE Tel.: 087 \/ 63 98 35, Mail : bauamt@kelmis.be<\/p>\n","protected":false},"excerpt":{"rendered":"Le coll\u00e8ge communal fait savoir qu\u2019il est saisi d\u2019une demande de permis d&rsquo;urbanisme : Permis d\u2019urbanisme et le changement d\u2019une voirie dans le cadre du d\u00e9cret voirie communale. Le demandeur est KATHLEOS. Le terrain concern\u00e9 est situ\u00e9 Place de l\u2019Eglise \u00e0 La Calamine. Le projet consiste dans la d\u00e9molition de 3 b\u00e2timents comprenant des logements [&hellip;]","protected":false},"author":2,"featured_media":11306,"comment_status":"closed","ping_status":"closed","sticky":false,"template":"","format":"standard","meta":{"_acf_changed":false,"footnotes":""},"categories":[71],"tags":[],"class_list":["post-11468","post","type-post","status-publish","format-standard","has-post-thumbnail","hentry","category-depuis-la-maison-communale"],"acf":[],"_links":{"self":[{"href":"https:\/\/www.kelmis.be\/fr\/wp-json\/wp\/v2\/posts\/11468","targetHints":{"allow":["GET"]}}],"collection":[{"href":"https:\/\/www.kelmis.be\/fr\/wp-json\/wp\/v2\/posts"}],"about":[{"href":"https:\/\/www.kelmis.be\/fr\/wp-json\/wp\/v2\/types\/post"}],"author":[{"embeddable":true,"href":"https:\/\/www.kelmis.be\/fr\/wp-json\/wp\/v2\/users\/2"}],"replies":[{"embeddable":true,"href":"https:\/\/www.kelmis.be\/fr\/wp-json\/wp\/v2\/comments?post=11468"}],"version-history":[{"count":2,"href":"https:\/\/www.kelmis.be\/fr\/wp-json\/wp\/v2\/posts\/11468\/revisions"}],"predecessor-version":[{"id":11613,"href":"https:\/\/www.kelmis.be\/fr\/wp-json\/wp\/v2\/posts\/11468\/revisions\/11613"}],"wp:featuredmedia":[{"embeddable":true,"href":"https:\/\/www.kelmis.be\/fr\/wp-json\/wp\/v2\/media\/11306"}],"wp:attachment":[{"href":"https:\/\/www.kelmis.be\/fr\/wp-json\/wp\/v2\/media?parent=11468"}],"wp:term":[{"taxonomy":"category","embeddable":true,"href":"https:\/\/www.kelmis.be\/fr\/wp-json\/wp\/v2\/categories?post=11468"},{"taxonomy":"post_tag","embeddable":true,"href":"https:\/\/www.kelmis.be\/fr\/wp-json\/wp\/v2\/tags?post=11468"}],"curies":[{"name":"wp","href":"https:\/\/api.w.org\/{rel}","templated":true}]}}