{"id":11435,"date":"2023-06-07T08:27:36","date_gmt":"2023-06-07T06:27:36","guid":{"rendered":"https:\/\/www.kelmis.be\/?p=11435"},"modified":"2023-06-07T08:33:12","modified_gmt":"2023-06-07T06:33:12","slug":"permis-denvironnement-prolongee-pour-lentreprise-heimbach-consultez-le-permis","status":"publish","type":"post","link":"https:\/\/www.kelmis.be\/fr\/depuis-la-maison-communale\/permis-denvironnement-prolongee-pour-lentreprise-heimbach-consultez-le-permis","title":{"rendered":"Permis d\u2019environnement prolong\u00e9e pour l&rsquo;entreprise Heimbach : Consultez le permis"},"content":{"rendered":"<p>Le permis d\u2019environnement pour la fabrication de textiles sp\u00e9ciaux \u00e0 l\u2019entreprise HEIMBACH SPECIALITIES AG \u00e0 4721 Neu-Moresnet \u2013 rue de Li\u00e8ge, 63A a \u00e9t\u00e9 renouvel\u00e9. L&rsquo;autorisation demand\u00e9e a \u00e9t\u00e9 accord\u00e9e en date du 01.06.2023 par le Fonctionnaire technique de la R\u00e9gion Wallonne.<\/p>\n<p>Le dossier peut \u00eatre consult\u00e9 au service urbanisme &amp; environnement de la commune pendant 20 jours jusqu\u2019au 26.06.2023 sur prise de rendez-vous aupr\u00e8s de la personne mentionn\u00e9e ci-dessous: Monsieur G\u00fcnther Havenith, service environnement, rue de l\u2019<span style=\"font-family: Liberation Serif, serif;\">\u00c9<\/span><span style=\"font-family: Liberation Serif, serif;\">glise<\/span> 31, 4720 La Calamine (087\/63.98.37 \u2013 guenther.havenith@kelmis.be).<\/p>\n","protected":false},"excerpt":{"rendered":"Le permis d\u2019environnement pour la fabrication de textiles sp\u00e9ciaux \u00e0 l\u2019entreprise HEIMBACH SPECIALITIES AG \u00e0 4721 Neu-Moresnet \u2013 rue de Li\u00e8ge, 63A a \u00e9t\u00e9 renouvel\u00e9. L&rsquo;autorisation demand\u00e9e a \u00e9t\u00e9 accord\u00e9e en date du 01.06.2023 par le Fonctionnaire technique de la R\u00e9gion Wallonne. Le dossier peut \u00eatre consult\u00e9 au service urbanisme &amp; environnement de la commune [&hellip;]","protected":false},"author":2,"featured_media":11308,"comment_status":"closed","ping_status":"closed","sticky":false,"template":"","format":"standard","meta":{"_acf_changed":false,"footnotes":""},"categories":[71],"tags":[],"class_list":["post-11435","post","type-post","status-publish","format-standard","has-post-thumbnail","hentry","category-depuis-la-maison-communale"],"acf":[],"_links":{"self":[{"href":"https:\/\/www.kelmis.be\/fr\/wp-json\/wp\/v2\/posts\/11435","targetHints":{"allow":["GET"]}}],"collection":[{"href":"https:\/\/www.kelmis.be\/fr\/wp-json\/wp\/v2\/posts"}],"about":[{"href":"https:\/\/www.kelmis.be\/fr\/wp-json\/wp\/v2\/types\/post"}],"author":[{"embeddable":true,"href":"https:\/\/www.kelmis.be\/fr\/wp-json\/wp\/v2\/users\/2"}],"replies":[{"embeddable":true,"href":"https:\/\/www.kelmis.be\/fr\/wp-json\/wp\/v2\/comments?post=11435"}],"version-history":[{"count":2,"href":"https:\/\/www.kelmis.be\/fr\/wp-json\/wp\/v2\/posts\/11435\/revisions"}],"predecessor-version":[{"id":11441,"href":"https:\/\/www.kelmis.be\/fr\/wp-json\/wp\/v2\/posts\/11435\/revisions\/11441"}],"wp:featuredmedia":[{"embeddable":true,"href":"https:\/\/www.kelmis.be\/fr\/wp-json\/wp\/v2\/media\/11308"}],"wp:attachment":[{"href":"https:\/\/www.kelmis.be\/fr\/wp-json\/wp\/v2\/media?parent=11435"}],"wp:term":[{"taxonomy":"category","embeddable":true,"href":"https:\/\/www.kelmis.be\/fr\/wp-json\/wp\/v2\/categories?post=11435"},{"taxonomy":"post_tag","embeddable":true,"href":"https:\/\/www.kelmis.be\/fr\/wp-json\/wp\/v2\/tags?post=11435"}],"curies":[{"name":"wp","href":"https:\/\/api.w.org\/{rel}","templated":true}]}}