{"id":11354,"date":"2023-05-26T14:19:50","date_gmt":"2023-05-26T12:19:50","guid":{"rendered":"https:\/\/www.kelmis.be\/?p=11354"},"modified":"2023-06-20T12:49:04","modified_gmt":"2023-06-20T10:49:04","slug":"martin-jauck-christa-wenders-et-liliane-bindels-honores","status":"publish","type":"post","link":"https:\/\/www.kelmis.be\/fr\/actualite-dans-la-commune\/martin-jauck-christa-wenders-et-liliane-bindels-honores","title":{"rendered":"Martin Jauck, Christa Wenders et Liliane Bindels honor\u00e9s"},"content":{"rendered":"<p>Martin Jauck, Christa Wenders et Liliane Bindels ont \u00e9t\u00e9 honor\u00e9s pour leur d\u00e9part \u00e0 la retraite vendredi apr\u00e8s-midi lors d&rsquo;une f\u00eate de retraite au Patronage. Martin Jauck a travaill\u00e9 du 3 novembre 1994 au 31 juillet 2022 pour le d\u00e9p\u00f4t communal de notre commune. Christa Wenders a travaill\u00e9 \u00e0 l&rsquo;\u00e9cole communale de Hergenrath (technicienne de surface) du 1er ao\u00fbt 1994 au 30 novembre 2022. Liliane Bindels a \u00e9t\u00e9 \u00e0 notre service du 1er janvier 1989 au 30 avril 2023 et a \u00e9t\u00e9 pendant de nombreuses ann\u00e9es le visage de notre accueil \u00e0 la maison communale.<\/p>\n","protected":false},"excerpt":{"rendered":"Martin Jauck, Christa Wenders et Liliane Bindels ont \u00e9t\u00e9 honor\u00e9s pour leur d\u00e9part \u00e0 la retraite vendredi apr\u00e8s-midi lors d&rsquo;une f\u00eate de retraite au Patronage. Martin Jauck a travaill\u00e9 du 3 novembre 1994 au 31 juillet 2022 pour le d\u00e9p\u00f4t communal de notre commune. Christa Wenders a travaill\u00e9 \u00e0 l&rsquo;\u00e9cole communale de Hergenrath (technicienne de [&hellip;]","protected":false},"author":2,"featured_media":11355,"comment_status":"closed","ping_status":"closed","sticky":false,"template":"","format":"standard","meta":{"_acf_changed":false,"footnotes":""},"categories":[70],"tags":[],"class_list":["post-11354","post","type-post","status-publish","format-standard","has-post-thumbnail","hentry","category-actualite-dans-la-commune"],"acf":[],"_links":{"self":[{"href":"https:\/\/www.kelmis.be\/fr\/wp-json\/wp\/v2\/posts\/11354","targetHints":{"allow":["GET"]}}],"collection":[{"href":"https:\/\/www.kelmis.be\/fr\/wp-json\/wp\/v2\/posts"}],"about":[{"href":"https:\/\/www.kelmis.be\/fr\/wp-json\/wp\/v2\/types\/post"}],"author":[{"embeddable":true,"href":"https:\/\/www.kelmis.be\/fr\/wp-json\/wp\/v2\/users\/2"}],"replies":[{"embeddable":true,"href":"https:\/\/www.kelmis.be\/fr\/wp-json\/wp\/v2\/comments?post=11354"}],"version-history":[{"count":2,"href":"https:\/\/www.kelmis.be\/fr\/wp-json\/wp\/v2\/posts\/11354\/revisions"}],"predecessor-version":[{"id":11617,"href":"https:\/\/www.kelmis.be\/fr\/wp-json\/wp\/v2\/posts\/11354\/revisions\/11617"}],"wp:featuredmedia":[{"embeddable":true,"href":"https:\/\/www.kelmis.be\/fr\/wp-json\/wp\/v2\/media\/11355"}],"wp:attachment":[{"href":"https:\/\/www.kelmis.be\/fr\/wp-json\/wp\/v2\/media?parent=11354"}],"wp:term":[{"taxonomy":"category","embeddable":true,"href":"https:\/\/www.kelmis.be\/fr\/wp-json\/wp\/v2\/categories?post=11354"},{"taxonomy":"post_tag","embeddable":true,"href":"https:\/\/www.kelmis.be\/fr\/wp-json\/wp\/v2\/tags?post=11354"}],"curies":[{"name":"wp","href":"https:\/\/api.w.org\/{rel}","templated":true}]}}