{"id":11240,"date":"2023-05-11T14:27:10","date_gmt":"2023-05-11T12:27:10","guid":{"rendered":"https:\/\/www.kelmis.be\/?p=11240"},"modified":"2023-05-11T16:21:09","modified_gmt":"2023-05-11T14:21:09","slug":"parcours-de-bienvenue-le-27-mai","status":"publish","type":"post","link":"https:\/\/www.kelmis.be\/fr\/evenement\/parcours-de-bienvenue-le-27-mai","title":{"rendered":"Parcours de bienvenue le 24 mai"},"content":{"rendered":"<p>Le mercredi 24 mai, notre Conseil pour le vivre ensemble vous invite \u00e0 nouveau \u00e0 un parcours de bienvenue dans notre commune. Dans le cadre du projet Calaminis, le Conseil pour le vivre ensemble veut donner aux citoyens l\u2019occasion de mieux conna\u00eetre les prestataires de services sociaux. Ce projet doit permettre non seulement aux habitants de La Calamine, mais aussi aux nouveaux venus de notre commune de jeter un coup d\u2019\u0153il dans les coulisses des services. Le parcours d\u00e9marre \u00e0 14 heures \u00e0 la maison communale. Les autres lieux de visite sont les \u00e9coles communales, la biblioth\u00e8que, la Maison de la famille, l\u2019\u00e9cole des devoirs, Kaleido, l\u2019Ath\u00e9n\u00e9e C\u00e9sar Franck, Info Int\u00e9gration, le CPAS, etc.<\/p>\n<p>La promenade est propos\u00e9e en plusieurs langues et donne aux participants l&rsquo;opportunit\u00e9 de passer un apr\u00e8s-midi agr\u00e9able en compagnie des membres du Conseil, mais en m\u00eame temps de faire de nouvelles connaissances et d&rsquo;obtenir de pr\u00e9cieuses informations dans un \u00e9change concret avec les prestataires de services. Toutes les questions seront trait\u00e9es directement et sur place. Les enfants sont bien entendu les bienvenus. Pour conclure, un Drink, Meet &amp; Connect sera organis\u00e9 l&rsquo;apr\u00e8s-midi pour tous les participants. N&rsquo;h\u00e9sitez pas \u00e0 vous inscrire ! Vous pouvez vous inscrire jusqu&rsquo; au venrdredi 19 mai sous l&rsquo;adresse mail adina.seres@kelmis.be ou par t\u00e9l\u00e9phone au 0472\/22 50 09.<\/p>\n","protected":false},"excerpt":{"rendered":"Le mercredi 24 mai, notre Conseil pour le vivre ensemble vous invite \u00e0 nouveau \u00e0 un parcours de bienvenue dans notre commune. Dans le cadre du projet Calaminis, le Conseil pour le vivre ensemble veut donner aux citoyens l\u2019occasion de mieux conna\u00eetre les prestataires de services sociaux. Ce projet doit permettre non seulement aux habitants [&hellip;]","protected":false},"author":2,"featured_media":11241,"comment_status":"closed","ping_status":"closed","sticky":false,"template":"","format":"standard","meta":{"_acf_changed":false,"footnotes":""},"categories":[73],"tags":[],"class_list":["post-11240","post","type-post","status-publish","format-standard","has-post-thumbnail","hentry","category-evenement"],"acf":[],"_links":{"self":[{"href":"https:\/\/www.kelmis.be\/fr\/wp-json\/wp\/v2\/posts\/11240","targetHints":{"allow":["GET"]}}],"collection":[{"href":"https:\/\/www.kelmis.be\/fr\/wp-json\/wp\/v2\/posts"}],"about":[{"href":"https:\/\/www.kelmis.be\/fr\/wp-json\/wp\/v2\/types\/post"}],"author":[{"embeddable":true,"href":"https:\/\/www.kelmis.be\/fr\/wp-json\/wp\/v2\/users\/2"}],"replies":[{"embeddable":true,"href":"https:\/\/www.kelmis.be\/fr\/wp-json\/wp\/v2\/comments?post=11240"}],"version-history":[{"count":7,"href":"https:\/\/www.kelmis.be\/fr\/wp-json\/wp\/v2\/posts\/11240\/revisions"}],"predecessor-version":[{"id":11260,"href":"https:\/\/www.kelmis.be\/fr\/wp-json\/wp\/v2\/posts\/11240\/revisions\/11260"}],"wp:featuredmedia":[{"embeddable":true,"href":"https:\/\/www.kelmis.be\/fr\/wp-json\/wp\/v2\/media\/11241"}],"wp:attachment":[{"href":"https:\/\/www.kelmis.be\/fr\/wp-json\/wp\/v2\/media?parent=11240"}],"wp:term":[{"taxonomy":"category","embeddable":true,"href":"https:\/\/www.kelmis.be\/fr\/wp-json\/wp\/v2\/categories?post=11240"},{"taxonomy":"post_tag","embeddable":true,"href":"https:\/\/www.kelmis.be\/fr\/wp-json\/wp\/v2\/tags?post=11240"}],"curies":[{"name":"wp","href":"https:\/\/api.w.org\/{rel}","templated":true}]}}