{"id":11226,"date":"2023-05-03T12:25:04","date_gmt":"2023-05-03T10:25:04","guid":{"rendered":"https:\/\/www.kelmis.be\/?p=11226"},"modified":"2023-05-03T12:25:04","modified_gmt":"2023-05-03T10:25:04","slug":"la-nouvelle-brochure-touristique-est-disponible","status":"publish","type":"post","link":"https:\/\/www.kelmis.be\/fr\/actualite-dans-la-commune\/la-nouvelle-brochure-touristique-est-disponible","title":{"rendered":"La nouvelle brochure touristique est disponible"},"content":{"rendered":"<p class=\"Textbody\"><span lang=\"EN-US\" style=\"font-family: 'Arial',sans-serif;\">Vous pensez conna\u00eetre notre commune sur le bout des doigts &#8211; son histoire, ses plus beaux coins et son offre touristique ? Faites l&rsquo;essai et procurez-vous la nouvelle brochure d&rsquo;information de l&rsquo;Office de tourisme, \u00ab Au carrefour de la nature et de l\u2019histoire \u00bb, au design moderne. \u00ab Cette brochure bilingue a \u00e9t\u00e9 con\u00e7ue non seulement pour nos visiteurs, mais aussi pour les citoyennes et citoyens de la commune. La brochure est disponible gratuitement au Tourist-Info et au Mus\u00e9e Vieille Montagne \u00bb, explique l&rsquo;\u00e9chevin responsable, Mirko Braem.<br \/>\nLes frais de r\u00e9alisation de la brochure ont \u00e9t\u00e9 pris en charge par la Province de Li\u00e8ge. Nous vous souhaitons une bonne lecture et une bonne d\u00e9couverte de notre commune.<\/span><\/p>\n<p class=\"Textbody\"><span lang=\"EN-US\" style=\"font-family: 'Arial',sans-serif;\">La brochure peut \u00eatre lue en zone de t\u00e9l\u00e9chargement.<\/span><\/p>\n","protected":false},"excerpt":{"rendered":"Vous pensez conna\u00eetre notre commune sur le bout des doigts &#8211; son histoire, ses plus beaux coins et son offre touristique ? Faites l&rsquo;essai et procurez-vous la nouvelle brochure d&rsquo;information de l&rsquo;Office de tourisme, \u00ab Au carrefour de la nature et de l\u2019histoire \u00bb, au design moderne. \u00ab Cette brochure bilingue a \u00e9t\u00e9 con\u00e7ue non [&hellip;]","protected":false},"author":2,"featured_media":11227,"comment_status":"closed","ping_status":"closed","sticky":false,"template":"","format":"standard","meta":{"_acf_changed":false,"footnotes":""},"categories":[70],"tags":[],"class_list":["post-11226","post","type-post","status-publish","format-standard","has-post-thumbnail","hentry","category-actualite-dans-la-commune"],"acf":[],"_links":{"self":[{"href":"https:\/\/www.kelmis.be\/fr\/wp-json\/wp\/v2\/posts\/11226","targetHints":{"allow":["GET"]}}],"collection":[{"href":"https:\/\/www.kelmis.be\/fr\/wp-json\/wp\/v2\/posts"}],"about":[{"href":"https:\/\/www.kelmis.be\/fr\/wp-json\/wp\/v2\/types\/post"}],"author":[{"embeddable":true,"href":"https:\/\/www.kelmis.be\/fr\/wp-json\/wp\/v2\/users\/2"}],"replies":[{"embeddable":true,"href":"https:\/\/www.kelmis.be\/fr\/wp-json\/wp\/v2\/comments?post=11226"}],"version-history":[{"count":1,"href":"https:\/\/www.kelmis.be\/fr\/wp-json\/wp\/v2\/posts\/11226\/revisions"}],"predecessor-version":[{"id":11228,"href":"https:\/\/www.kelmis.be\/fr\/wp-json\/wp\/v2\/posts\/11226\/revisions\/11228"}],"wp:featuredmedia":[{"embeddable":true,"href":"https:\/\/www.kelmis.be\/fr\/wp-json\/wp\/v2\/media\/11227"}],"wp:attachment":[{"href":"https:\/\/www.kelmis.be\/fr\/wp-json\/wp\/v2\/media?parent=11226"}],"wp:term":[{"taxonomy":"category","embeddable":true,"href":"https:\/\/www.kelmis.be\/fr\/wp-json\/wp\/v2\/categories?post=11226"},{"taxonomy":"post_tag","embeddable":true,"href":"https:\/\/www.kelmis.be\/fr\/wp-json\/wp\/v2\/tags?post=11226"}],"curies":[{"name":"wp","href":"https:\/\/api.w.org\/{rel}","templated":true}]}}