{"id":11217,"date":"2023-05-03T09:50:21","date_gmt":"2023-05-03T07:50:21","guid":{"rendered":"https:\/\/www.kelmis.be\/?p=11217"},"modified":"2023-05-03T09:50:21","modified_gmt":"2023-05-03T07:50:21","slug":"jobs-etudiants-au-contrat-de-riviere-meuse-aval-et-affluents","status":"publish","type":"post","link":"https:\/\/www.kelmis.be\/fr\/depuis-la-maison-communale\/jobs-etudiants-au-contrat-de-riviere-meuse-aval-et-affluents","title":{"rendered":"Jobs \u00e9tudiants au Contrat de Rivi\u00e8re Meuse Aval et affluents"},"content":{"rendered":"<p>Durant la p\u00e9riode d\u2019\u00e9t\u00e9, le Contrat de Rivi\u00e8re Meuse Aval et affluents (CRMA) coordonne deschantiers de gestion de la balsamine de l\u2019Himalaya, Esp\u00e8ce Exotique Envahissante sur l\u2019ensemble de son bassin.<\/p>\n<p>Pour aider les membres de la cellule de coordination, le CRMA engage 5 \u00e9tudiants jobistes dont 3 pour les Comit\u00e9s Locaux Berwinne et Gueule.<\/p>\n<p><strong>Description de la mission<\/strong><\/p>\n<p>Ces chantiers consistent en l\u2019arrachage syst\u00e9matique (voir la fauche) de la plante, le long des berges des cours d\u2019eau. Cette mission de terrain est organis\u00e9e lors de la p\u00e9riode de floraison de la balsamine et d\u00e9pendent des conditions climatiques.<\/p>\n<p>En cas d\u2019intemp\u00e9ries rendant les arrachages impraticables, d\u2019autres missions telles que rangement et nettoyage des locaux pourraient \u00eatre demand\u00e9es aux \u00e9tudiants.<\/p>\n<p><strong>R\u00e9gime<\/strong><\/p>\n<ul>\n<li>R\u00e9gime de 4 jours\/semaine<\/li>\n<li>Horaire variable (maximum de 30,4 h\/semaine)<\/li>\n<li>Contrat \u00ab \u00e9tudiant jobiste \u00bb (bar\u00e8me : 10,5 \u20ac\/heure)<\/li>\n<\/ul>\n<p><strong>Conditions d\u2019acc\u00e8s\u00a0<\/strong><\/p>\n<ul>\n<li>Avoir 18 ans au moins<\/li>\n<li>\u00catre en possession d\u2019un permis de conduire<\/li>\n<li>\u00catre autonome pour les d\u00e9placements aux lieux de rendez-vous<\/li>\n<\/ul>\n<p><strong>P\u00e9riode de r\u00e9alisation\u00a0<\/strong><\/p>\n<p>Du 3 au 20 juillet 2023<\/p>\n<p><strong>Lieux de r\u00e9alisation<\/strong><\/p>\n<p>Le CRMA est actif sur 49 communes situ\u00e9es en Province de Li\u00e8ge et de Namur.<\/p>\n<p>L\u2019engagement d\u2019\u00e9tudiants pour ces chantiers de gestion concerne les communes des sous-bassins de la Gueule et de la Berwinne (Aubel, Blegny, Dalhem, Herve, La Calamine, Lontzen, Plombi\u00e8res, Raeren, Soumagne, Thimister-Clermont, Vis\u00e9, Welkenraedt).<\/p>\n<p><strong>Ces chantiers sont organis\u00e9s au d\u00e9part :\u00a0<\/strong><\/p>\n<ul>\n<li>De Plombi\u00e8res (Berwinne\/Gueule) : engagement de 3 \u00e9tudiants<\/li>\n<\/ul>\n<p><strong>Candidatures et s\u00e9lection<\/strong><\/p>\n<p>Les candidatures, lettre de motivation et CV, doivent \u00eatre adress\u00e9es par mail au CRMA :<\/p>\n<p>administration@meuseaval.be (085\/712655) pour le 8 juin 2023 au plus tard.<\/p>\n","protected":false},"excerpt":{"rendered":"Durant la p\u00e9riode d\u2019\u00e9t\u00e9, le Contrat de Rivi\u00e8re Meuse Aval et affluents (CRMA) coordonne deschantiers de gestion de la balsamine de l\u2019Himalaya, Esp\u00e8ce Exotique Envahissante sur l\u2019ensemble de son bassin. Pour aider les membres de la cellule de coordination, le CRMA engage 5 \u00e9tudiants jobistes dont 3 pour les Comit\u00e9s Locaux Berwinne et Gueule. Description [&hellip;]","protected":false},"author":2,"featured_media":11218,"comment_status":"closed","ping_status":"closed","sticky":false,"template":"","format":"standard","meta":{"_acf_changed":false,"footnotes":""},"categories":[71],"tags":[],"class_list":["post-11217","post","type-post","status-publish","format-standard","has-post-thumbnail","hentry","category-depuis-la-maison-communale"],"acf":[],"_links":{"self":[{"href":"https:\/\/www.kelmis.be\/fr\/wp-json\/wp\/v2\/posts\/11217","targetHints":{"allow":["GET"]}}],"collection":[{"href":"https:\/\/www.kelmis.be\/fr\/wp-json\/wp\/v2\/posts"}],"about":[{"href":"https:\/\/www.kelmis.be\/fr\/wp-json\/wp\/v2\/types\/post"}],"author":[{"embeddable":true,"href":"https:\/\/www.kelmis.be\/fr\/wp-json\/wp\/v2\/users\/2"}],"replies":[{"embeddable":true,"href":"https:\/\/www.kelmis.be\/fr\/wp-json\/wp\/v2\/comments?post=11217"}],"version-history":[{"count":1,"href":"https:\/\/www.kelmis.be\/fr\/wp-json\/wp\/v2\/posts\/11217\/revisions"}],"predecessor-version":[{"id":11219,"href":"https:\/\/www.kelmis.be\/fr\/wp-json\/wp\/v2\/posts\/11217\/revisions\/11219"}],"wp:featuredmedia":[{"embeddable":true,"href":"https:\/\/www.kelmis.be\/fr\/wp-json\/wp\/v2\/media\/11218"}],"wp:attachment":[{"href":"https:\/\/www.kelmis.be\/fr\/wp-json\/wp\/v2\/media?parent=11217"}],"wp:term":[{"taxonomy":"category","embeddable":true,"href":"https:\/\/www.kelmis.be\/fr\/wp-json\/wp\/v2\/categories?post=11217"},{"taxonomy":"post_tag","embeddable":true,"href":"https:\/\/www.kelmis.be\/fr\/wp-json\/wp\/v2\/tags?post=11217"}],"curies":[{"name":"wp","href":"https:\/\/api.w.org\/{rel}","templated":true}]}}