{"id":11140,"date":"2023-04-24T14:22:25","date_gmt":"2023-04-24T12:22:25","guid":{"rendered":"https:\/\/www.kelmis.be\/?p=11140"},"modified":"2023-04-24T14:22:35","modified_gmt":"2023-04-24T12:22:35","slug":"huit-eleves-de-lecole-communale-de-hergenrath-ont-reussi-une-formation-en-securite-routiere","status":"publish","type":"post","link":"https:\/\/www.kelmis.be\/fr\/actualite-dans-la-commune\/huit-eleves-de-lecole-communale-de-hergenrath-ont-reussi-une-formation-en-securite-routiere","title":{"rendered":"Huit \u00e9l\u00e8ves de l&rsquo;\u00e9cole communale de Hergenrath ont r\u00e9ussi une formation en s\u00e9curit\u00e9 routi\u00e8re"},"content":{"rendered":"<p>Ce matin, huit \u00e9l\u00e8ves de cinqui\u00e8me ann\u00e9e primaire de l&rsquo;\u00e9cole communale de Hergenrath ont termin\u00e9 une formation en s\u00e9curit\u00e9 routi\u00e8re. Henri Manteau et Ronny Michel de la zone de police Vesdre-Gueule se sont rendus sur place et ont fait passer aux enfants le test pratique &#8211; un trajet \u00e0 travers la localit\u00e9. Tous les enfants ont r\u00e9ussi l&rsquo;exercice. Henri Manteau encadre la formation dans notre commune depuis 30 ans d\u00e9j\u00e0.<br \/>\nLes \u00e9l\u00e8ves suivants ont particip\u00e9 \u00e0 la formation : Benedict Brouwers, Ella Winhall, Nikolai Rams, Tamina Kohnen, Sydney Heinen, Joan Siemes, Paula Mathey, Laurin Franssen. Sur la photo de groupe, on reconna\u00eet, \u00e0 c\u00f4t\u00e9 d&rsquo;eux et des agents de police, l&rsquo;enseignante Giulia Hansen, la directrice C\u00e9cile Volders et l&rsquo;\u00e9chevine de l&rsquo;enseignement Iris Lampertz.<\/p>\n","protected":false},"excerpt":{"rendered":"Ce matin, huit \u00e9l\u00e8ves de cinqui\u00e8me ann\u00e9e primaire de l&rsquo;\u00e9cole communale de Hergenrath ont termin\u00e9 une formation en s\u00e9curit\u00e9 routi\u00e8re. Henri Manteau et Ronny Michel de la zone de police Vesdre-Gueule se sont rendus sur place et ont fait passer aux enfants le test pratique &#8211; un trajet \u00e0 travers la localit\u00e9. Tous les enfants [&hellip;]","protected":false},"author":2,"featured_media":11141,"comment_status":"closed","ping_status":"closed","sticky":false,"template":"","format":"standard","meta":{"_acf_changed":false,"footnotes":""},"categories":[70],"tags":[],"class_list":["post-11140","post","type-post","status-publish","format-standard","has-post-thumbnail","hentry","category-actualite-dans-la-commune"],"acf":[],"_links":{"self":[{"href":"https:\/\/www.kelmis.be\/fr\/wp-json\/wp\/v2\/posts\/11140","targetHints":{"allow":["GET"]}}],"collection":[{"href":"https:\/\/www.kelmis.be\/fr\/wp-json\/wp\/v2\/posts"}],"about":[{"href":"https:\/\/www.kelmis.be\/fr\/wp-json\/wp\/v2\/types\/post"}],"author":[{"embeddable":true,"href":"https:\/\/www.kelmis.be\/fr\/wp-json\/wp\/v2\/users\/2"}],"replies":[{"embeddable":true,"href":"https:\/\/www.kelmis.be\/fr\/wp-json\/wp\/v2\/comments?post=11140"}],"version-history":[{"count":1,"href":"https:\/\/www.kelmis.be\/fr\/wp-json\/wp\/v2\/posts\/11140\/revisions"}],"predecessor-version":[{"id":11151,"href":"https:\/\/www.kelmis.be\/fr\/wp-json\/wp\/v2\/posts\/11140\/revisions\/11151"}],"wp:featuredmedia":[{"embeddable":true,"href":"https:\/\/www.kelmis.be\/fr\/wp-json\/wp\/v2\/media\/11141"}],"wp:attachment":[{"href":"https:\/\/www.kelmis.be\/fr\/wp-json\/wp\/v2\/media?parent=11140"}],"wp:term":[{"taxonomy":"category","embeddable":true,"href":"https:\/\/www.kelmis.be\/fr\/wp-json\/wp\/v2\/categories?post=11140"},{"taxonomy":"post_tag","embeddable":true,"href":"https:\/\/www.kelmis.be\/fr\/wp-json\/wp\/v2\/tags?post=11140"}],"curies":[{"name":"wp","href":"https:\/\/api.w.org\/{rel}","templated":true}]}}