{"id":11124,"date":"2023-04-22T11:04:10","date_gmt":"2023-04-22T09:04:10","guid":{"rendered":"https:\/\/www.kelmis.be\/?p=11124"},"modified":"2023-04-22T11:04:10","modified_gmt":"2023-04-22T09:04:10","slug":"gilbert-koch-et-visnja-zivkovic-ont-fete-leurs-noces-dor","status":"publish","type":"post","link":"https:\/\/www.kelmis.be\/fr\/actualite-dans-la-commune\/gilbert-koch-et-visnja-zivkovic-ont-fete-leurs-noces-dor","title":{"rendered":"Gilbert Koch et Visnja Zivkovic ont f\u00eat\u00e9 leurs noces d&rsquo;or"},"content":{"rendered":"<p>Nous f\u00e9licitons Gilbert Koch et Visnja Zivkovic pour leurs noces d&rsquo;or. Ils se sont unis par les liens du mariage le 20 avril 1973 \u00e0 La Calamine.<\/p>\n","protected":false},"excerpt":{"rendered":"Nous f\u00e9licitons Gilbert Koch et Visnja Zivkovic pour leurs noces d&rsquo;or. Ils se sont unis par les liens du mariage le 20 avril 1973 \u00e0 La Calamine.","protected":false},"author":2,"featured_media":11125,"comment_status":"closed","ping_status":"closed","sticky":false,"template":"","format":"standard","meta":{"_acf_changed":false,"footnotes":""},"categories":[70],"tags":[],"class_list":["post-11124","post","type-post","status-publish","format-standard","has-post-thumbnail","hentry","category-actualite-dans-la-commune"],"acf":[],"_links":{"self":[{"href":"https:\/\/www.kelmis.be\/fr\/wp-json\/wp\/v2\/posts\/11124","targetHints":{"allow":["GET"]}}],"collection":[{"href":"https:\/\/www.kelmis.be\/fr\/wp-json\/wp\/v2\/posts"}],"about":[{"href":"https:\/\/www.kelmis.be\/fr\/wp-json\/wp\/v2\/types\/post"}],"author":[{"embeddable":true,"href":"https:\/\/www.kelmis.be\/fr\/wp-json\/wp\/v2\/users\/2"}],"replies":[{"embeddable":true,"href":"https:\/\/www.kelmis.be\/fr\/wp-json\/wp\/v2\/comments?post=11124"}],"version-history":[{"count":2,"href":"https:\/\/www.kelmis.be\/fr\/wp-json\/wp\/v2\/posts\/11124\/revisions"}],"predecessor-version":[{"id":11127,"href":"https:\/\/www.kelmis.be\/fr\/wp-json\/wp\/v2\/posts\/11124\/revisions\/11127"}],"wp:featuredmedia":[{"embeddable":true,"href":"https:\/\/www.kelmis.be\/fr\/wp-json\/wp\/v2\/media\/11125"}],"wp:attachment":[{"href":"https:\/\/www.kelmis.be\/fr\/wp-json\/wp\/v2\/media?parent=11124"}],"wp:term":[{"taxonomy":"category","embeddable":true,"href":"https:\/\/www.kelmis.be\/fr\/wp-json\/wp\/v2\/categories?post=11124"},{"taxonomy":"post_tag","embeddable":true,"href":"https:\/\/www.kelmis.be\/fr\/wp-json\/wp\/v2\/tags?post=11124"}],"curies":[{"name":"wp","href":"https:\/\/api.w.org\/{rel}","templated":true}]}}