{"id":11076,"date":"2023-04-18T15:49:13","date_gmt":"2023-04-18T13:49:13","guid":{"rendered":"https:\/\/www.kelmis.be\/?p=11076"},"modified":"2023-04-19T11:13:37","modified_gmt":"2023-04-19T09:13:37","slug":"le-college-communal-propose-des-permanences","status":"publish","type":"post","link":"https:\/\/www.kelmis.be\/fr\/actualite-dans-la-commune\/le-college-communal-propose-des-permanences","title":{"rendered":"Le coll\u00e8ge communal propose des permanences"},"content":{"rendered":"<p>Le coll\u00e8ge communal (c.-\u00e0-d. le bourgmestre et les \u00e9chevins et \u00e9chevines) propose d\u00e9sormais des permanences sur le territoire de la commune (La Calamine, Hergenrath et Neu-Moresnet) tous les premiers jeudis du mois \u00e0 partir de 17 heures. La prochaine permanence aura lieu le 4 mai \u00e0 l&rsquo;\u00e9cole communale de Hergenrath.<\/p>\n<p>Voici la r\u00e9partition par local :<\/p>\n<p><strong>Dans la salle de r\u00e9union du CPAS (rue Max 9-11)\u00a0<\/strong><\/p>\n<p>&#8211; Jeudi 1er juin 2023<\/p>\n<p>&#8211; Jeudi 9 novembre 2023<\/p>\n<p>&#8211; Jeudi 1er f\u00e9vrier 2024<\/p>\n<p>&#8211; Jeudi 2 mai 2024<\/p>\n<p><strong>A l&rsquo;\u00e9cole communale de Hergenrath (rue Altenberg 15), salle des professeurs, 2e \u00e9tage<\/strong><\/p>\n<p>&#8211; Jeudi 4 mai 2023<\/p>\n<p>&#8211; Jeudi 5 octobre 2023<\/p>\n<p>&#8211; Jeudi 4 janvier 2024<\/p>\n<p>&#8211; Jeudi 4 avril 2024<\/p>\n<p><strong>Dans la salle du conseil communal \u00e0 la maison communale (rue de l\u2019Eglise 31)<\/strong><\/p>\n<p>&#8211; Jeudi 7 septembre 2023<\/p>\n<p>&#8211; Jeudi 7 d\u00e9cembre 2023<\/p>\n<p>&#8211; Jeudi 7 mars 2024<\/p>\n<p>Inscriptions au plus tard le lundi pr\u00e9c\u00e9dant chaque date \u00e0 verwaltung@kelmis.be<\/p>\n","protected":false},"excerpt":{"rendered":"Le coll\u00e8ge communal (c.-\u00e0-d. le bourgmestre et les \u00e9chevins et \u00e9chevines) propose d\u00e9sormais des permanences sur le territoire de la commune (La Calamine, Hergenrath et Neu-Moresnet) tous les premiers jeudis du mois \u00e0 partir de 17 heures. La prochaine permanence aura lieu le 4 mai \u00e0 l&rsquo;\u00e9cole communale de Hergenrath. Voici la r\u00e9partition par local [&hellip;]","protected":false},"author":2,"featured_media":11077,"comment_status":"closed","ping_status":"closed","sticky":false,"template":"","format":"standard","meta":{"_acf_changed":false,"footnotes":""},"categories":[70],"tags":[],"class_list":["post-11076","post","type-post","status-publish","format-standard","has-post-thumbnail","hentry","category-actualite-dans-la-commune"],"acf":[],"_links":{"self":[{"href":"https:\/\/www.kelmis.be\/fr\/wp-json\/wp\/v2\/posts\/11076","targetHints":{"allow":["GET"]}}],"collection":[{"href":"https:\/\/www.kelmis.be\/fr\/wp-json\/wp\/v2\/posts"}],"about":[{"href":"https:\/\/www.kelmis.be\/fr\/wp-json\/wp\/v2\/types\/post"}],"author":[{"embeddable":true,"href":"https:\/\/www.kelmis.be\/fr\/wp-json\/wp\/v2\/users\/2"}],"replies":[{"embeddable":true,"href":"https:\/\/www.kelmis.be\/fr\/wp-json\/wp\/v2\/comments?post=11076"}],"version-history":[{"count":3,"href":"https:\/\/www.kelmis.be\/fr\/wp-json\/wp\/v2\/posts\/11076\/revisions"}],"predecessor-version":[{"id":11094,"href":"https:\/\/www.kelmis.be\/fr\/wp-json\/wp\/v2\/posts\/11076\/revisions\/11094"}],"wp:featuredmedia":[{"embeddable":true,"href":"https:\/\/www.kelmis.be\/fr\/wp-json\/wp\/v2\/media\/11077"}],"wp:attachment":[{"href":"https:\/\/www.kelmis.be\/fr\/wp-json\/wp\/v2\/media?parent=11076"}],"wp:term":[{"taxonomy":"category","embeddable":true,"href":"https:\/\/www.kelmis.be\/fr\/wp-json\/wp\/v2\/categories?post=11076"},{"taxonomy":"post_tag","embeddable":true,"href":"https:\/\/www.kelmis.be\/fr\/wp-json\/wp\/v2\/tags?post=11076"}],"curies":[{"name":"wp","href":"https:\/\/api.w.org\/{rel}","templated":true}]}}