{"id":11042,"date":"2023-04-17T16:19:18","date_gmt":"2023-04-17T14:19:18","guid":{"rendered":"https:\/\/www.kelmis.be\/?p=11042"},"modified":"2023-04-17T16:19:18","modified_gmt":"2023-04-17T14:19:18","slug":"visite-importante-pour-le-musee-vieille-montagne","status":"publish","type":"post","link":"https:\/\/www.kelmis.be\/fr\/actualite-dans-la-commune\/visite-importante-pour-le-musee-vieille-montagne","title":{"rendered":"Visite importante pour le mus\u00e9e Vieille Montagne"},"content":{"rendered":"<p>Visite de haut niveau ce midi pour le mus\u00e9e Vieille Montagne : une d\u00e9l\u00e9gation du LVR (Landschaftsverband Rheinland) \u00e9tait en visite dans notre commune et s&rsquo;est fait une id\u00e9e de notre mus\u00e9e et de notre histoire.<\/p>\n<p>La visite faisait partie d&rsquo;un voyage d&rsquo;information de la commission culturelle du LVR, qui s&rsquo;arr\u00eate du 17 au 20 avril dans plusieurs villes &#8211; outre Cologne, Sarrebruck et Esch-sur-Alzette, \u00e9galement dans notre commune.<\/p>\n<p>Le directeur du mus\u00e9e Jan Sabri Cetinkaya, les collaboratrices du mus\u00e9e Inge Helge, D\u00f6rte B\u00f6hm et Helene Bings, le bourgmestre Luc Frank et le conseil de direction de la commune (Yves Kever, Patrick Creutz et Thierry Barth) ont accueilli les 30 visiteurs et visiteuses. La d\u00e9l\u00e9gation du LVR a \u00e9t\u00e9 guid\u00e9e \u00e0 travers le mus\u00e9e et a re\u00e7u de mains comp\u00e9tentes des informations d\u00e9taill\u00e9es sur l&rsquo;histoire de La Calamine et de Moresnet-Neutre. A la fin de la visite, la direction du LVR a invit\u00e9 le bourgmestre Luc Frank et le directeur du mus\u00e9e Jan Sabri Cetinkaya \u00e0 une visite r\u00e9ciproque \u00e0 l&rsquo;usine de zinc Altenberg \u00e0 Oberhausen, actuellement en cours de r\u00e9novation.<\/p>\n","protected":false},"excerpt":{"rendered":"Visite de haut niveau ce midi pour le mus\u00e9e Vieille Montagne : une d\u00e9l\u00e9gation du LVR (Landschaftsverband Rheinland) \u00e9tait en visite dans notre commune et s&rsquo;est fait une id\u00e9e de notre mus\u00e9e et de notre histoire. La visite faisait partie d&rsquo;un voyage d&rsquo;information de la commission culturelle du LVR, qui s&rsquo;arr\u00eate du 17 au 20 [&hellip;]","protected":false},"author":2,"featured_media":11043,"comment_status":"closed","ping_status":"closed","sticky":false,"template":"","format":"standard","meta":{"_acf_changed":false,"footnotes":""},"categories":[70],"tags":[],"class_list":["post-11042","post","type-post","status-publish","format-standard","has-post-thumbnail","hentry","category-actualite-dans-la-commune"],"acf":[],"_links":{"self":[{"href":"https:\/\/www.kelmis.be\/fr\/wp-json\/wp\/v2\/posts\/11042","targetHints":{"allow":["GET"]}}],"collection":[{"href":"https:\/\/www.kelmis.be\/fr\/wp-json\/wp\/v2\/posts"}],"about":[{"href":"https:\/\/www.kelmis.be\/fr\/wp-json\/wp\/v2\/types\/post"}],"author":[{"embeddable":true,"href":"https:\/\/www.kelmis.be\/fr\/wp-json\/wp\/v2\/users\/2"}],"replies":[{"embeddable":true,"href":"https:\/\/www.kelmis.be\/fr\/wp-json\/wp\/v2\/comments?post=11042"}],"version-history":[{"count":1,"href":"https:\/\/www.kelmis.be\/fr\/wp-json\/wp\/v2\/posts\/11042\/revisions"}],"predecessor-version":[{"id":11049,"href":"https:\/\/www.kelmis.be\/fr\/wp-json\/wp\/v2\/posts\/11042\/revisions\/11049"}],"wp:featuredmedia":[{"embeddable":true,"href":"https:\/\/www.kelmis.be\/fr\/wp-json\/wp\/v2\/media\/11043"}],"wp:attachment":[{"href":"https:\/\/www.kelmis.be\/fr\/wp-json\/wp\/v2\/media?parent=11042"}],"wp:term":[{"taxonomy":"category","embeddable":true,"href":"https:\/\/www.kelmis.be\/fr\/wp-json\/wp\/v2\/categories?post=11042"},{"taxonomy":"post_tag","embeddable":true,"href":"https:\/\/www.kelmis.be\/fr\/wp-json\/wp\/v2\/tags?post=11042"}],"curies":[{"name":"wp","href":"https:\/\/api.w.org\/{rel}","templated":true}]}}