{"id":11030,"date":"2023-04-17T14:14:31","date_gmt":"2023-04-17T12:14:31","guid":{"rendered":"https:\/\/www.kelmis.be\/?p=11030"},"modified":"2023-04-17T14:14:31","modified_gmt":"2023-04-17T12:14:31","slug":"le-conseil-communal-se-reunit-ce-soir-lien-pour-la-retransmission-en-direct-3","status":"publish","type":"post","link":"https:\/\/www.kelmis.be\/fr\/depuis-la-maison-communale\/le-conseil-communal-se-reunit-ce-soir-lien-pour-la-retransmission-en-direct-3","title":{"rendered":"Le conseil communal se r\u00e9unit ce soir &#8211; Lien pour la retransmission en direct"},"content":{"rendered":"<p>Notre conseil communal se r\u00e9unit ce soir (20h). 22 points sont \u00e0 l&rsquo;ordre du jour. La s\u00e9ance peut \u00eatre suivie en direct sur notre <strong><a href=\"https:\/\/youtube.com\/live\/xEYz1cQjsKU?feature=share\">cha\u00eene YouTube<\/a><\/strong>.<\/p>\n","protected":false},"excerpt":{"rendered":"Notre conseil communal se r\u00e9unit ce soir (20h). 22 points sont \u00e0 l&rsquo;ordre du jour. La s\u00e9ance peut \u00eatre suivie en direct sur notre cha\u00eene YouTube.","protected":false},"author":2,"featured_media":11031,"comment_status":"closed","ping_status":"closed","sticky":false,"template":"","format":"standard","meta":{"_acf_changed":false,"footnotes":""},"categories":[71],"tags":[],"class_list":["post-11030","post","type-post","status-publish","format-standard","has-post-thumbnail","hentry","category-depuis-la-maison-communale"],"acf":[],"_links":{"self":[{"href":"https:\/\/www.kelmis.be\/fr\/wp-json\/wp\/v2\/posts\/11030","targetHints":{"allow":["GET"]}}],"collection":[{"href":"https:\/\/www.kelmis.be\/fr\/wp-json\/wp\/v2\/posts"}],"about":[{"href":"https:\/\/www.kelmis.be\/fr\/wp-json\/wp\/v2\/types\/post"}],"author":[{"embeddable":true,"href":"https:\/\/www.kelmis.be\/fr\/wp-json\/wp\/v2\/users\/2"}],"replies":[{"embeddable":true,"href":"https:\/\/www.kelmis.be\/fr\/wp-json\/wp\/v2\/comments?post=11030"}],"version-history":[{"count":1,"href":"https:\/\/www.kelmis.be\/fr\/wp-json\/wp\/v2\/posts\/11030\/revisions"}],"predecessor-version":[{"id":11032,"href":"https:\/\/www.kelmis.be\/fr\/wp-json\/wp\/v2\/posts\/11030\/revisions\/11032"}],"wp:featuredmedia":[{"embeddable":true,"href":"https:\/\/www.kelmis.be\/fr\/wp-json\/wp\/v2\/media\/11031"}],"wp:attachment":[{"href":"https:\/\/www.kelmis.be\/fr\/wp-json\/wp\/v2\/media?parent=11030"}],"wp:term":[{"taxonomy":"category","embeddable":true,"href":"https:\/\/www.kelmis.be\/fr\/wp-json\/wp\/v2\/categories?post=11030"},{"taxonomy":"post_tag","embeddable":true,"href":"https:\/\/www.kelmis.be\/fr\/wp-json\/wp\/v2\/tags?post=11030"}],"curies":[{"name":"wp","href":"https:\/\/api.w.org\/{rel}","templated":true}]}}