{"id":11022,"date":"2023-04-13T12:11:41","date_gmt":"2023-04-13T10:11:41","guid":{"rendered":"https:\/\/www.kelmis.be\/?p=11022"},"modified":"2023-04-13T12:11:41","modified_gmt":"2023-04-13T10:11:41","slug":"parking-a-cote-de-leglise-ferme-a-partir-de-lundi","status":"publish","type":"post","link":"https:\/\/www.kelmis.be\/fr\/actualite-dans-la-commune\/parking-a-cote-de-leglise-ferme-a-partir-de-lundi","title":{"rendered":"Parking \u00e0 cot\u00e9 de l&rsquo;\u00e9glise ferm\u00e9 \u00e0 partir de lundi"},"content":{"rendered":"<p><span style=\"font-family: Arial, sans-serif;\"><span style=\"font-size: medium;\">Les travaux de r\u00e9am\u00e9nagement de la place de l&rsquo;\u00c9glise avancent : la semaine prochaine, on s&rsquo;attaquera \u00e0 la zone de stationnement \u00e0 c\u00f4t\u00e9 de l&rsquo;\u00e9glise\/devant le Press Shop. Pendant les travaux, qui doivent commencer le lundi 17 avril, les places de parking seront ferm\u00e9es.<br \/>\n\u00c0 partir du 22 avril, douze nouvelles places de parking seront ouvertes au public sur la surface d\u00e9j\u00e0 asphalt\u00e9e &#8211; l\u00e0 o\u00f9 la nouvelle route m\u00e8nera du Carrefour \u00e0 la rue de l&rsquo;\u00c9glise.<\/span><\/span><\/p>\n","protected":false},"excerpt":{"rendered":"Les travaux de r\u00e9am\u00e9nagement de la place de l&rsquo;\u00c9glise avancent : la semaine prochaine, on s&rsquo;attaquera \u00e0 la zone de stationnement \u00e0 c\u00f4t\u00e9 de l&rsquo;\u00e9glise\/devant le Press Shop. Pendant les travaux, qui doivent commencer le lundi 17 avril, les places de parking seront ferm\u00e9es. \u00c0 partir du 22 avril, douze nouvelles places de parking seront [&hellip;]","protected":false},"author":2,"featured_media":11023,"comment_status":"closed","ping_status":"closed","sticky":false,"template":"","format":"standard","meta":{"_acf_changed":false,"footnotes":""},"categories":[70],"tags":[],"class_list":["post-11022","post","type-post","status-publish","format-standard","has-post-thumbnail","hentry","category-actualite-dans-la-commune"],"acf":[],"_links":{"self":[{"href":"https:\/\/www.kelmis.be\/fr\/wp-json\/wp\/v2\/posts\/11022","targetHints":{"allow":["GET"]}}],"collection":[{"href":"https:\/\/www.kelmis.be\/fr\/wp-json\/wp\/v2\/posts"}],"about":[{"href":"https:\/\/www.kelmis.be\/fr\/wp-json\/wp\/v2\/types\/post"}],"author":[{"embeddable":true,"href":"https:\/\/www.kelmis.be\/fr\/wp-json\/wp\/v2\/users\/2"}],"replies":[{"embeddable":true,"href":"https:\/\/www.kelmis.be\/fr\/wp-json\/wp\/v2\/comments?post=11022"}],"version-history":[{"count":1,"href":"https:\/\/www.kelmis.be\/fr\/wp-json\/wp\/v2\/posts\/11022\/revisions"}],"predecessor-version":[{"id":11024,"href":"https:\/\/www.kelmis.be\/fr\/wp-json\/wp\/v2\/posts\/11022\/revisions\/11024"}],"wp:featuredmedia":[{"embeddable":true,"href":"https:\/\/www.kelmis.be\/fr\/wp-json\/wp\/v2\/media\/11023"}],"wp:attachment":[{"href":"https:\/\/www.kelmis.be\/fr\/wp-json\/wp\/v2\/media?parent=11022"}],"wp:term":[{"taxonomy":"category","embeddable":true,"href":"https:\/\/www.kelmis.be\/fr\/wp-json\/wp\/v2\/categories?post=11022"},{"taxonomy":"post_tag","embeddable":true,"href":"https:\/\/www.kelmis.be\/fr\/wp-json\/wp\/v2\/tags?post=11022"}],"curies":[{"name":"wp","href":"https:\/\/api.w.org\/{rel}","templated":true}]}}