{"id":10988,"date":"2023-04-03T12:49:41","date_gmt":"2023-04-03T10:49:41","guid":{"rendered":"https:\/\/www.kelmis.be\/?p=10988"},"modified":"2023-04-03T14:31:32","modified_gmt":"2023-04-03T12:31:32","slug":"abri-pour-velo-avec-rampe-dacces-au-park-hotel","status":"publish","type":"post","link":"https:\/\/www.kelmis.be\/fr\/actualite-dans-la-commune\/abri-pour-velo-avec-rampe-dacces-au-park-hotel","title":{"rendered":"Abri pour v\u00e9lo avec rampe d&rsquo;acc\u00e8s au Park H\u00f4tel"},"content":{"rendered":"<p>Bonne nouvelle pour les clients de notre Park H\u00f4tel qui se d\u00e9placent en v\u00e9lo ou en moto : Un abri avec rampe d&rsquo;acc\u00e8s sp\u00e9cialement pr\u00e9vu \u00e0 cet effet est d\u00e9sormais termin\u00e9 et peut \u00eatre utilis\u00e9 d\u00e8s maintenant. Dans l&rsquo;abri \u00e0 v\u00e9los, il y a une prise \u00e9lectrique pour recharger les v\u00e9los \u00e9lectriques. Le local est ferm\u00e9 \u00e0 cl\u00e9. La cl\u00e9 n\u00e9cessaire doit \u00eatre demand\u00e9 \u00e0 la direction de l\u2018h\u00f4tel. L&rsquo;abri est ferm\u00e9, de sorte que les v\u00e9los et motos sont toujours en s\u00e9curit\u00e9.<\/p>\n","protected":false},"excerpt":{"rendered":"Bonne nouvelle pour les clients de notre Park H\u00f4tel qui se d\u00e9placent en v\u00e9lo ou en moto : Un abri avec rampe d&rsquo;acc\u00e8s sp\u00e9cialement pr\u00e9vu \u00e0 cet effet est d\u00e9sormais termin\u00e9 et peut \u00eatre utilis\u00e9 d\u00e8s maintenant. Dans l&rsquo;abri \u00e0 v\u00e9los, il y a une prise \u00e9lectrique pour recharger les v\u00e9los \u00e9lectriques. Le local est [&hellip;]","protected":false},"author":2,"featured_media":10989,"comment_status":"closed","ping_status":"closed","sticky":false,"template":"","format":"standard","meta":{"_acf_changed":false,"footnotes":""},"categories":[70],"tags":[],"class_list":["post-10988","post","type-post","status-publish","format-standard","has-post-thumbnail","hentry","category-actualite-dans-la-commune"],"acf":[],"_links":{"self":[{"href":"https:\/\/www.kelmis.be\/fr\/wp-json\/wp\/v2\/posts\/10988","targetHints":{"allow":["GET"]}}],"collection":[{"href":"https:\/\/www.kelmis.be\/fr\/wp-json\/wp\/v2\/posts"}],"about":[{"href":"https:\/\/www.kelmis.be\/fr\/wp-json\/wp\/v2\/types\/post"}],"author":[{"embeddable":true,"href":"https:\/\/www.kelmis.be\/fr\/wp-json\/wp\/v2\/users\/2"}],"replies":[{"embeddable":true,"href":"https:\/\/www.kelmis.be\/fr\/wp-json\/wp\/v2\/comments?post=10988"}],"version-history":[{"count":3,"href":"https:\/\/www.kelmis.be\/fr\/wp-json\/wp\/v2\/posts\/10988\/revisions"}],"predecessor-version":[{"id":10996,"href":"https:\/\/www.kelmis.be\/fr\/wp-json\/wp\/v2\/posts\/10988\/revisions\/10996"}],"wp:featuredmedia":[{"embeddable":true,"href":"https:\/\/www.kelmis.be\/fr\/wp-json\/wp\/v2\/media\/10989"}],"wp:attachment":[{"href":"https:\/\/www.kelmis.be\/fr\/wp-json\/wp\/v2\/media?parent=10988"}],"wp:term":[{"taxonomy":"category","embeddable":true,"href":"https:\/\/www.kelmis.be\/fr\/wp-json\/wp\/v2\/categories?post=10988"},{"taxonomy":"post_tag","embeddable":true,"href":"https:\/\/www.kelmis.be\/fr\/wp-json\/wp\/v2\/tags?post=10988"}],"curies":[{"name":"wp","href":"https:\/\/api.w.org\/{rel}","templated":true}]}}