{"id":10875,"date":"2023-03-20T20:46:35","date_gmt":"2023-03-20T19:46:35","guid":{"rendered":"https:\/\/www.kelmis.be\/?p=10875"},"modified":"2023-03-22T10:35:46","modified_gmt":"2023-03-22T09:35:46","slug":"prime-communale-de-40-euros-pour-lachat-dun-appareil-a-gazeifier-leau","status":"publish","type":"post","link":"https:\/\/www.kelmis.be\/fr\/non-classifiee\/prime-communale-de-40-euros-pour-lachat-dun-appareil-a-gazeifier-leau","title":{"rendered":"Prime communale de 40 euros pour l&rsquo;achat d&rsquo;un appareil \u00e0 gaz\u00e9ifier l&rsquo;eau"},"content":{"rendered":"<p>Dans notre commune, une prime communale de 40 euros sera introduite \u00e0 partir de mercredi, journ\u00e9e internationale de l\u2019eau. Les citoyens de notre commune recevront cette somme \u00e0 l&rsquo;achat d&rsquo;un appareil \u00e0 gaz\u00e9ifier l&rsquo;eau (un appareil par m\u00e9nage). Le projet a \u00e9t\u00e9 approuv\u00e9 ce soir par le conseil communal. Pour pouvoir b\u00e9n\u00e9ficier de la prime, l&rsquo;acheteur doit pr\u00e9senter un ticket de caisse correspondant. De plus, l&rsquo;achat doit \u00eatre effectu\u00e9 dans un magasin situ\u00e9 sur le territoire de la commune. Dans une premi\u00e8re phase, l&rsquo;action de sensibilisation est limit\u00e9e dans le temps. Les appareils doivent \u00eatre achet\u00e9s avant fin ao\u00fbt et la demande doit \u00eatre d\u00e9pos\u00e9e aupr\u00e8s du service Eau potable avant fin septembre. Vous trouvez les documents en allemand ou en fran\u00e7ais dans la zone de t\u00e9l\u00e9chargement. Plus d&rsquo;infos : 087\/63 98 10. Avec cette prime, le Service Eau potable et les responsables politiques souhaitent mettre l&rsquo;accent sur la consommation d&rsquo;eau \u00ab made in La Calamine \u00bb.<\/p>\n<p>Mercredi, \u00e0 l&rsquo;occasion de la Journ\u00e9e mondiale de l&rsquo;eau, le service Eau potable pr\u00e9sentera une autre nouveaut\u00e9.<\/p>\n","protected":false},"excerpt":{"rendered":"Dans notre commune, une prime communale de 40 euros sera introduite \u00e0 partir de mercredi, journ\u00e9e internationale de l\u2019eau. Les citoyens de notre commune recevront cette somme \u00e0 l&rsquo;achat d&rsquo;un appareil \u00e0 gaz\u00e9ifier l&rsquo;eau (un appareil par m\u00e9nage). Le projet a \u00e9t\u00e9 approuv\u00e9 ce soir par le conseil communal. Pour pouvoir b\u00e9n\u00e9ficier de la prime, [&hellip;]","protected":false},"author":2,"featured_media":10877,"comment_status":"closed","ping_status":"closed","sticky":false,"template":"","format":"standard","meta":{"_acf_changed":false,"footnotes":""},"categories":[],"tags":[],"class_list":["post-10875","post","type-post","status-publish","format-standard","has-post-thumbnail","hentry"],"acf":[],"_links":{"self":[{"href":"https:\/\/www.kelmis.be\/fr\/wp-json\/wp\/v2\/posts\/10875","targetHints":{"allow":["GET"]}}],"collection":[{"href":"https:\/\/www.kelmis.be\/fr\/wp-json\/wp\/v2\/posts"}],"about":[{"href":"https:\/\/www.kelmis.be\/fr\/wp-json\/wp\/v2\/types\/post"}],"author":[{"embeddable":true,"href":"https:\/\/www.kelmis.be\/fr\/wp-json\/wp\/v2\/users\/2"}],"replies":[{"embeddable":true,"href":"https:\/\/www.kelmis.be\/fr\/wp-json\/wp\/v2\/comments?post=10875"}],"version-history":[{"count":4,"href":"https:\/\/www.kelmis.be\/fr\/wp-json\/wp\/v2\/posts\/10875\/revisions"}],"predecessor-version":[{"id":10905,"href":"https:\/\/www.kelmis.be\/fr\/wp-json\/wp\/v2\/posts\/10875\/revisions\/10905"}],"wp:featuredmedia":[{"embeddable":true,"href":"https:\/\/www.kelmis.be\/fr\/wp-json\/wp\/v2\/media\/10877"}],"wp:attachment":[{"href":"https:\/\/www.kelmis.be\/fr\/wp-json\/wp\/v2\/media?parent=10875"}],"wp:term":[{"taxonomy":"category","embeddable":true,"href":"https:\/\/www.kelmis.be\/fr\/wp-json\/wp\/v2\/categories?post=10875"},{"taxonomy":"post_tag","embeddable":true,"href":"https:\/\/www.kelmis.be\/fr\/wp-json\/wp\/v2\/tags?post=10875"}],"curies":[{"name":"wp","href":"https:\/\/api.w.org\/{rel}","templated":true}]}}