{"id":10832,"date":"2023-03-14T12:56:49","date_gmt":"2023-03-14T11:56:49","guid":{"rendered":"https:\/\/www.kelmis.be\/?p=10832"},"modified":"2023-03-15T10:40:50","modified_gmt":"2023-03-15T09:40:50","slug":"la-commune-pleurt-joseph-barth","status":"publish","type":"post","link":"https:\/\/www.kelmis.be\/fr\/depuis-la-maison-communale\/la-commune-pleurt-joseph-barth","title":{"rendered":"La commune pleurt Joseph Barth"},"content":{"rendered":"<p>La commune de La Calamine est en deuil apr\u00e8s le d\u00e9c\u00e8s de son ancien membre du conseil communal Joseph Barth. Joseph Barth est d\u00e9c\u00e9d\u00e9 aujourd&rsquo;hui \u00e0 l&rsquo;\u00e2ge de 86 ans. La c\u00e9r\u00e9monie d&rsquo;adieu aura lieu lundi \u00e0 10 heures en l&rsquo;\u00e9glise Notre-Dame de l&rsquo;Assomption.<\/p>\n<p>Joseph Barth a \u00e9t\u00e9 membre du conseil communal de La Calamine pendant 47 ans. Il a fait ses d\u00e9buts le 11 janvier 1965 et a exerc\u00e9 la fonction d&rsquo;\u00e9chevin de 1991 \u00e0 2006. Le 2 d\u00e9cembre 2012, il a mis fin \u00e0 sa carri\u00e8re politique dans notre commune. En septembre de l&rsquo;ann\u00e9e derni\u00e8re, il avait \u00e9t\u00e9 honor\u00e9 du titre d&rsquo;\u00e9chevin honoraire (photo).<\/p>\n<p>Joseph Barth a \u00e9galement \u00e9t\u00e9 membre du Parlement de la Communaut\u00e9 germanophone (anciennement RDG) de 1988 \u00e0 2000 et a fait partie du Conseil provincial de 1997 \u00e0 2012.<\/p>\n<p>Nous pr\u00e9sentons nos sinc\u00e8res condol\u00e9ances \u00e0 sa famille.<\/p>\n","protected":false},"excerpt":{"rendered":"La commune de La Calamine est en deuil apr\u00e8s le d\u00e9c\u00e8s de son ancien membre du conseil communal Joseph Barth. Joseph Barth est d\u00e9c\u00e9d\u00e9 aujourd&rsquo;hui \u00e0 l&rsquo;\u00e2ge de 86 ans. La c\u00e9r\u00e9monie d&rsquo;adieu aura lieu lundi \u00e0 10 heures en l&rsquo;\u00e9glise Notre-Dame de l&rsquo;Assomption. Joseph Barth a \u00e9t\u00e9 membre du conseil communal de La Calamine [&hellip;]","protected":false},"author":2,"featured_media":10833,"comment_status":"closed","ping_status":"closed","sticky":false,"template":"","format":"standard","meta":{"_acf_changed":false,"footnotes":""},"categories":[71],"tags":[],"class_list":["post-10832","post","type-post","status-publish","format-standard","has-post-thumbnail","hentry","category-depuis-la-maison-communale"],"acf":[],"_links":{"self":[{"href":"https:\/\/www.kelmis.be\/fr\/wp-json\/wp\/v2\/posts\/10832","targetHints":{"allow":["GET"]}}],"collection":[{"href":"https:\/\/www.kelmis.be\/fr\/wp-json\/wp\/v2\/posts"}],"about":[{"href":"https:\/\/www.kelmis.be\/fr\/wp-json\/wp\/v2\/types\/post"}],"author":[{"embeddable":true,"href":"https:\/\/www.kelmis.be\/fr\/wp-json\/wp\/v2\/users\/2"}],"replies":[{"embeddable":true,"href":"https:\/\/www.kelmis.be\/fr\/wp-json\/wp\/v2\/comments?post=10832"}],"version-history":[{"count":5,"href":"https:\/\/www.kelmis.be\/fr\/wp-json\/wp\/v2\/posts\/10832\/revisions"}],"predecessor-version":[{"id":10842,"href":"https:\/\/www.kelmis.be\/fr\/wp-json\/wp\/v2\/posts\/10832\/revisions\/10842"}],"wp:featuredmedia":[{"embeddable":true,"href":"https:\/\/www.kelmis.be\/fr\/wp-json\/wp\/v2\/media\/10833"}],"wp:attachment":[{"href":"https:\/\/www.kelmis.be\/fr\/wp-json\/wp\/v2\/media?parent=10832"}],"wp:term":[{"taxonomy":"category","embeddable":true,"href":"https:\/\/www.kelmis.be\/fr\/wp-json\/wp\/v2\/categories?post=10832"},{"taxonomy":"post_tag","embeddable":true,"href":"https:\/\/www.kelmis.be\/fr\/wp-json\/wp\/v2\/tags?post=10832"}],"curies":[{"name":"wp","href":"https:\/\/api.w.org\/{rel}","templated":true}]}}