{"id":10788,"date":"2023-03-02T15:31:00","date_gmt":"2023-03-02T14:31:00","guid":{"rendered":"https:\/\/www.kelmis.be\/?p=10788"},"modified":"2023-03-02T15:31:00","modified_gmt":"2023-03-02T14:31:00","slug":"reunions-de-chantier-pour-la-place-de-leglise-association-des-commercants-et-riverains-invites","status":"publish","type":"post","link":"https:\/\/www.kelmis.be\/fr\/non-classifiee\/reunions-de-chantier-pour-la-place-de-leglise-association-des-commercants-et-riverains-invites","title":{"rendered":"R\u00e9unions de chantier pour la Place de l&rsquo;Eglise: association des commer\u00e7ants et riverains invit\u00e9s"},"content":{"rendered":"<p>Lundi prochain, les travaux de la place de l&rsquo;Eglise devraient reprendre. Dans le sprint final vers l&rsquo;ach\u00e8vement de la phase I, qui concerne sp\u00e9cifiquement la rue de l&rsquo;\u00c9glise et le parking devant le Press Shop, le coll\u00e8ge communal souhaite d\u00e8s \u00e0 pr\u00e9sent offrir aux riverains de la rue de l&rsquo;\u00c9glise et \u00e0 l&rsquo;association des commer\u00e7ants la possibilit\u00e9 de participer aux r\u00e9unions de chantier les jeudis matins \u00e0 la maison communale. Une premi\u00e8re r\u00e9union a eu lieu ce matin. C\u00e9line Schillings, Dany B\u00fctz et Christian Busse repr\u00e9sentaient l&rsquo;association des commer\u00e7ants et les r\u00e9sidents. Les personnes qui souhaitent participer \u00e0 l&rsquo;avenir aux r\u00e9unions de chantier peuvent s&rsquo;inscrire aupr\u00e8s de la commune au plus tard le mercredi soir : verwaltung@kelmis.be.<\/p>\n","protected":false},"excerpt":{"rendered":"Lundi prochain, les travaux de la place de l&rsquo;Eglise devraient reprendre. Dans le sprint final vers l&rsquo;ach\u00e8vement de la phase I, qui concerne sp\u00e9cifiquement la rue de l&rsquo;\u00c9glise et le parking devant le Press Shop, le coll\u00e8ge communal souhaite d\u00e8s \u00e0 pr\u00e9sent offrir aux riverains de la rue de l&rsquo;\u00c9glise et \u00e0 l&rsquo;association des commer\u00e7ants [&hellip;]","protected":false},"author":2,"featured_media":10790,"comment_status":"closed","ping_status":"closed","sticky":false,"template":"","format":"standard","meta":{"_acf_changed":false,"footnotes":""},"categories":[],"tags":[],"class_list":["post-10788","post","type-post","status-publish","format-standard","has-post-thumbnail","hentry"],"acf":[],"_links":{"self":[{"href":"https:\/\/www.kelmis.be\/fr\/wp-json\/wp\/v2\/posts\/10788","targetHints":{"allow":["GET"]}}],"collection":[{"href":"https:\/\/www.kelmis.be\/fr\/wp-json\/wp\/v2\/posts"}],"about":[{"href":"https:\/\/www.kelmis.be\/fr\/wp-json\/wp\/v2\/types\/post"}],"author":[{"embeddable":true,"href":"https:\/\/www.kelmis.be\/fr\/wp-json\/wp\/v2\/users\/2"}],"replies":[{"embeddable":true,"href":"https:\/\/www.kelmis.be\/fr\/wp-json\/wp\/v2\/comments?post=10788"}],"version-history":[{"count":2,"href":"https:\/\/www.kelmis.be\/fr\/wp-json\/wp\/v2\/posts\/10788\/revisions"}],"predecessor-version":[{"id":10791,"href":"https:\/\/www.kelmis.be\/fr\/wp-json\/wp\/v2\/posts\/10788\/revisions\/10791"}],"wp:featuredmedia":[{"embeddable":true,"href":"https:\/\/www.kelmis.be\/fr\/wp-json\/wp\/v2\/media\/10790"}],"wp:attachment":[{"href":"https:\/\/www.kelmis.be\/fr\/wp-json\/wp\/v2\/media?parent=10788"}],"wp:term":[{"taxonomy":"category","embeddable":true,"href":"https:\/\/www.kelmis.be\/fr\/wp-json\/wp\/v2\/categories?post=10788"},{"taxonomy":"post_tag","embeddable":true,"href":"https:\/\/www.kelmis.be\/fr\/wp-json\/wp\/v2\/tags?post=10788"}],"curies":[{"name":"wp","href":"https:\/\/api.w.org\/{rel}","templated":true}]}}