{"id":10719,"date":"2023-02-16T16:23:42","date_gmt":"2023-02-16T15:23:42","guid":{"rendered":"https:\/\/www.kelmis.be\/?p=10719"},"modified":"2023-02-16T16:23:42","modified_gmt":"2023-02-16T15:23:42","slug":"le-jeudi-des-vieilles-femmes-a-lance-les-fetes-de-carnaval","status":"publish","type":"post","link":"https:\/\/www.kelmis.be\/fr\/actualite-dans-la-commune\/le-jeudi-des-vieilles-femmes-a-lance-les-fetes-de-carnaval","title":{"rendered":"Le jeudi des vieilles femmes a lanc\u00e9 les f\u00eates de carnaval"},"content":{"rendered":"<p>Aujourd&rsquo;hui, notre commune c\u00e9l\u00e8bre le jour des vieilles femmes. Environ 1500 personnes ont particip\u00e9 au cort\u00e8ge. La journ\u00e9e se termine au Patronage. Samedi, les festivit\u00e9s se poursuivent avec le cort\u00e8ge des enfants. Le dimanche, le d\u00e9fil\u00e9 traditionnel est pr\u00e9vu \u00e0 partir de 14 heures. Le cort\u00e8ge du lundi des Roses commencera \u00e0 13 heures.<\/p>\n","protected":false},"excerpt":{"rendered":"Aujourd&rsquo;hui, notre commune c\u00e9l\u00e8bre le jour des vieilles femmes. Environ 1500 personnes ont particip\u00e9 au cort\u00e8ge. La journ\u00e9e se termine au Patronage. Samedi, les festivit\u00e9s se poursuivent avec le cort\u00e8ge des enfants. Le dimanche, le d\u00e9fil\u00e9 traditionnel est pr\u00e9vu \u00e0 partir de 14 heures. Le cort\u00e8ge du lundi des Roses commencera \u00e0 13 heures.","protected":false},"author":2,"featured_media":10720,"comment_status":"closed","ping_status":"closed","sticky":false,"template":"","format":"standard","meta":{"_acf_changed":false,"footnotes":""},"categories":[70],"tags":[],"class_list":["post-10719","post","type-post","status-publish","format-standard","has-post-thumbnail","hentry","category-actualite-dans-la-commune"],"acf":[],"_links":{"self":[{"href":"https:\/\/www.kelmis.be\/fr\/wp-json\/wp\/v2\/posts\/10719","targetHints":{"allow":["GET"]}}],"collection":[{"href":"https:\/\/www.kelmis.be\/fr\/wp-json\/wp\/v2\/posts"}],"about":[{"href":"https:\/\/www.kelmis.be\/fr\/wp-json\/wp\/v2\/types\/post"}],"author":[{"embeddable":true,"href":"https:\/\/www.kelmis.be\/fr\/wp-json\/wp\/v2\/users\/2"}],"replies":[{"embeddable":true,"href":"https:\/\/www.kelmis.be\/fr\/wp-json\/wp\/v2\/comments?post=10719"}],"version-history":[{"count":1,"href":"https:\/\/www.kelmis.be\/fr\/wp-json\/wp\/v2\/posts\/10719\/revisions"}],"predecessor-version":[{"id":10728,"href":"https:\/\/www.kelmis.be\/fr\/wp-json\/wp\/v2\/posts\/10719\/revisions\/10728"}],"wp:featuredmedia":[{"embeddable":true,"href":"https:\/\/www.kelmis.be\/fr\/wp-json\/wp\/v2\/media\/10720"}],"wp:attachment":[{"href":"https:\/\/www.kelmis.be\/fr\/wp-json\/wp\/v2\/media?parent=10719"}],"wp:term":[{"taxonomy":"category","embeddable":true,"href":"https:\/\/www.kelmis.be\/fr\/wp-json\/wp\/v2\/categories?post=10719"},{"taxonomy":"post_tag","embeddable":true,"href":"https:\/\/www.kelmis.be\/fr\/wp-json\/wp\/v2\/tags?post=10719"}],"curies":[{"name":"wp","href":"https:\/\/api.w.org\/{rel}","templated":true}]}}