{"id":10706,"date":"2023-02-15T11:17:50","date_gmt":"2023-02-15T10:17:50","guid":{"rendered":"https:\/\/www.kelmis.be\/?p=10706"},"modified":"2023-02-15T11:17:50","modified_gmt":"2023-02-15T10:17:50","slug":"carnaval-jolies-constructions-en-bois-a-voir-au-chapiteau","status":"publish","type":"post","link":"https:\/\/www.kelmis.be\/fr\/depuis-la-maison-communale\/carnaval-jolies-constructions-en-bois-a-voir-au-chapiteau","title":{"rendered":"Carnaval : jolies constructions en bois \u00e0 voir au chapiteau"},"content":{"rendered":"<p>Demain \u00e0 10h11, le cort\u00e8ge des vieilles femmes s\u2019\u00e9lance du Select. Une heure plus tard, les \u00ab Vieilles Femmes \u00bb prendront le pouvoir dans notre commune avec la remise des cl\u00e9s \u00e0 11h11 sur le terrain de la Coul. Le chapiteau sur la place a \u00e9t\u00e9 d\u00e9cor\u00e9 par notre \u00e9quipe du d\u00e9p\u00f4t communal avec de superbes constructions en bois. Un grand merci pour cela !<\/p>\n","protected":false},"excerpt":{"rendered":"Demain \u00e0 10h11, le cort\u00e8ge des vieilles femmes s\u2019\u00e9lance du Select. Une heure plus tard, les \u00ab Vieilles Femmes \u00bb prendront le pouvoir dans notre commune avec la remise des cl\u00e9s \u00e0 11h11 sur le terrain de la Coul. Le chapiteau sur la place a \u00e9t\u00e9 d\u00e9cor\u00e9 par notre \u00e9quipe du d\u00e9p\u00f4t communal avec de [&hellip;]","protected":false},"author":2,"featured_media":10707,"comment_status":"closed","ping_status":"closed","sticky":false,"template":"","format":"standard","meta":{"_acf_changed":false,"footnotes":""},"categories":[71],"tags":[],"class_list":["post-10706","post","type-post","status-publish","format-standard","has-post-thumbnail","hentry","category-depuis-la-maison-communale"],"acf":[],"_links":{"self":[{"href":"https:\/\/www.kelmis.be\/fr\/wp-json\/wp\/v2\/posts\/10706","targetHints":{"allow":["GET"]}}],"collection":[{"href":"https:\/\/www.kelmis.be\/fr\/wp-json\/wp\/v2\/posts"}],"about":[{"href":"https:\/\/www.kelmis.be\/fr\/wp-json\/wp\/v2\/types\/post"}],"author":[{"embeddable":true,"href":"https:\/\/www.kelmis.be\/fr\/wp-json\/wp\/v2\/users\/2"}],"replies":[{"embeddable":true,"href":"https:\/\/www.kelmis.be\/fr\/wp-json\/wp\/v2\/comments?post=10706"}],"version-history":[{"count":1,"href":"https:\/\/www.kelmis.be\/fr\/wp-json\/wp\/v2\/posts\/10706\/revisions"}],"predecessor-version":[{"id":10708,"href":"https:\/\/www.kelmis.be\/fr\/wp-json\/wp\/v2\/posts\/10706\/revisions\/10708"}],"wp:featuredmedia":[{"embeddable":true,"href":"https:\/\/www.kelmis.be\/fr\/wp-json\/wp\/v2\/media\/10707"}],"wp:attachment":[{"href":"https:\/\/www.kelmis.be\/fr\/wp-json\/wp\/v2\/media?parent=10706"}],"wp:term":[{"taxonomy":"category","embeddable":true,"href":"https:\/\/www.kelmis.be\/fr\/wp-json\/wp\/v2\/categories?post=10706"},{"taxonomy":"post_tag","embeddable":true,"href":"https:\/\/www.kelmis.be\/fr\/wp-json\/wp\/v2\/tags?post=10706"}],"curies":[{"name":"wp","href":"https:\/\/api.w.org\/{rel}","templated":true}]}}