{"id":10690,"date":"2023-02-14T20:23:29","date_gmt":"2023-02-14T19:23:29","guid":{"rendered":"https:\/\/www.kelmis.be\/?p=10690"},"modified":"2023-02-14T20:23:29","modified_gmt":"2023-02-14T19:23:29","slug":"noces-dor-courrier-royal-pour-angelika-staudt-et-ludwig-wey","status":"publish","type":"post","link":"https:\/\/www.kelmis.be\/fr\/actualite-dans-la-commune\/noces-dor-courrier-royal-pour-angelika-staudt-et-ludwig-wey","title":{"rendered":"Noces d&rsquo;or : courrier royal pour Angelika Staudt et Ludwig Wey"},"content":{"rendered":"<p>Nous f\u00e9licitons Angelika Staudt et Ludwig Wey pour leurs noces d&rsquo;or ! Juste \u00e0 temps pour la Saint-Valentin, notre bourgmestre Luc Frank et l&rsquo;\u00e9chevine Iris Lampertz ont remis au couple de Hergenrath le certificat correspondant du Palais royal. Angelika et Ludwig se sont mari\u00e9s le 8 janvier 1973 \u00e0 La Calamine. Le couple habite \u00e0 Hergenrath depuis 2004.<\/p>\n","protected":false},"excerpt":{"rendered":"Nous f\u00e9licitons Angelika Staudt et Ludwig Wey pour leurs noces d&rsquo;or ! Juste \u00e0 temps pour la Saint-Valentin, notre bourgmestre Luc Frank et l&rsquo;\u00e9chevine Iris Lampertz ont remis au couple de Hergenrath le certificat correspondant du Palais royal. Angelika et Ludwig se sont mari\u00e9s le 8 janvier 1973 \u00e0 La Calamine. Le couple habite \u00e0 [&hellip;]","protected":false},"author":2,"featured_media":10691,"comment_status":"closed","ping_status":"closed","sticky":false,"template":"","format":"standard","meta":{"_acf_changed":false,"footnotes":""},"categories":[70],"tags":[],"class_list":["post-10690","post","type-post","status-publish","format-standard","has-post-thumbnail","hentry","category-actualite-dans-la-commune"],"acf":[],"_links":{"self":[{"href":"https:\/\/www.kelmis.be\/fr\/wp-json\/wp\/v2\/posts\/10690","targetHints":{"allow":["GET"]}}],"collection":[{"href":"https:\/\/www.kelmis.be\/fr\/wp-json\/wp\/v2\/posts"}],"about":[{"href":"https:\/\/www.kelmis.be\/fr\/wp-json\/wp\/v2\/types\/post"}],"author":[{"embeddable":true,"href":"https:\/\/www.kelmis.be\/fr\/wp-json\/wp\/v2\/users\/2"}],"replies":[{"embeddable":true,"href":"https:\/\/www.kelmis.be\/fr\/wp-json\/wp\/v2\/comments?post=10690"}],"version-history":[{"count":1,"href":"https:\/\/www.kelmis.be\/fr\/wp-json\/wp\/v2\/posts\/10690\/revisions"}],"predecessor-version":[{"id":10692,"href":"https:\/\/www.kelmis.be\/fr\/wp-json\/wp\/v2\/posts\/10690\/revisions\/10692"}],"wp:featuredmedia":[{"embeddable":true,"href":"https:\/\/www.kelmis.be\/fr\/wp-json\/wp\/v2\/media\/10691"}],"wp:attachment":[{"href":"https:\/\/www.kelmis.be\/fr\/wp-json\/wp\/v2\/media?parent=10690"}],"wp:term":[{"taxonomy":"category","embeddable":true,"href":"https:\/\/www.kelmis.be\/fr\/wp-json\/wp\/v2\/categories?post=10690"},{"taxonomy":"post_tag","embeddable":true,"href":"https:\/\/www.kelmis.be\/fr\/wp-json\/wp\/v2\/tags?post=10690"}],"curies":[{"name":"wp","href":"https:\/\/api.w.org\/{rel}","templated":true}]}}