{"id":10615,"date":"2023-02-13T13:13:08","date_gmt":"2023-02-13T12:13:08","guid":{"rendered":"https:\/\/www.kelmis.be\/?p=10615"},"modified":"2023-02-13T13:15:23","modified_gmt":"2023-02-13T12:15:23","slug":"10615","status":"publish","type":"post","link":"https:\/\/www.kelmis.be\/fr\/depuis-la-maison-communale\/10615","title":{"rendered":"Jeudi des vieilles femmes : pas de march\u00e9 hebdomadaire"},"content":{"rendered":"<p>Avis important \u00e0 tous les habitu\u00e9s et habitu\u00e9es du march\u00e9 hebdomadaire : le march\u00e9 n&rsquo;aura pas lieu ce jeudi en raison des festivit\u00e9s organis\u00e9es \u00e0 l&rsquo;occasion du jour des vieilles femmes.<\/p>\n","protected":false},"excerpt":{"rendered":"Avis important \u00e0 tous les habitu\u00e9s et habitu\u00e9es du march\u00e9 hebdomadaire : le march\u00e9 n&rsquo;aura pas lieu ce jeudi en raison des festivit\u00e9s organis\u00e9es \u00e0 l&rsquo;occasion du jour des vieilles femmes.","protected":false},"author":2,"featured_media":10617,"comment_status":"closed","ping_status":"closed","sticky":false,"template":"","format":"standard","meta":{"_acf_changed":false,"footnotes":""},"categories":[71],"tags":[],"class_list":["post-10615","post","type-post","status-publish","format-standard","has-post-thumbnail","hentry","category-depuis-la-maison-communale"],"acf":[],"_links":{"self":[{"href":"https:\/\/www.kelmis.be\/fr\/wp-json\/wp\/v2\/posts\/10615","targetHints":{"allow":["GET"]}}],"collection":[{"href":"https:\/\/www.kelmis.be\/fr\/wp-json\/wp\/v2\/posts"}],"about":[{"href":"https:\/\/www.kelmis.be\/fr\/wp-json\/wp\/v2\/types\/post"}],"author":[{"embeddable":true,"href":"https:\/\/www.kelmis.be\/fr\/wp-json\/wp\/v2\/users\/2"}],"replies":[{"embeddable":true,"href":"https:\/\/www.kelmis.be\/fr\/wp-json\/wp\/v2\/comments?post=10615"}],"version-history":[{"count":3,"href":"https:\/\/www.kelmis.be\/fr\/wp-json\/wp\/v2\/posts\/10615\/revisions"}],"predecessor-version":[{"id":10619,"href":"https:\/\/www.kelmis.be\/fr\/wp-json\/wp\/v2\/posts\/10615\/revisions\/10619"}],"wp:featuredmedia":[{"embeddable":true,"href":"https:\/\/www.kelmis.be\/fr\/wp-json\/wp\/v2\/media\/10617"}],"wp:attachment":[{"href":"https:\/\/www.kelmis.be\/fr\/wp-json\/wp\/v2\/media?parent=10615"}],"wp:term":[{"taxonomy":"category","embeddable":true,"href":"https:\/\/www.kelmis.be\/fr\/wp-json\/wp\/v2\/categories?post=10615"},{"taxonomy":"post_tag","embeddable":true,"href":"https:\/\/www.kelmis.be\/fr\/wp-json\/wp\/v2\/tags?post=10615"}],"curies":[{"name":"wp","href":"https:\/\/api.w.org\/{rel}","templated":true}]}}