{"id":10566,"date":"2023-02-06T18:09:48","date_gmt":"2023-02-06T17:09:48","guid":{"rendered":"https:\/\/www.kelmis.be\/?p=10566"},"modified":"2023-02-06T18:15:23","modified_gmt":"2023-02-06T17:15:23","slug":"jan-sabri-cetinkaya-nouveau-directeur-du-musee-vieille-montagne","status":"publish","type":"post","link":"https:\/\/www.kelmis.be\/fr\/depuis-la-maison-communale\/jan-sabri-cetinkaya-nouveau-directeur-du-musee-vieille-montagne","title":{"rendered":"Jan Sabri Cetinkaya nouveau directeur du Mus\u00e9e Vieille Montagne"},"content":{"rendered":"<p>Le Mus\u00e9e Vieille Montagne a une nouvelle direction : Jan Sabri Cetinkaya a pris ses fonctions ce matin. Il succ\u00e8de \u00e0 C\u00e9line Ruess, qui dirigeait le mus\u00e9e depuis sa cr\u00e9ation en 2018 et qui travaille \u00e0 nouveau pour la Maison de la M\u00e9tallurgie et de l&rsquo;Industrie \u00e0 Li\u00e8ge, son lieu de r\u00e9sidence. Jan Sabri Cetinkaya a \u00e9tudi\u00e9 l&rsquo;histoire et l&rsquo;arch\u00e9ologie \u00e0 Cologne et travaillait auparavant e.a. comme p\u00e9dagogue de mus\u00e9e pour l&rsquo;Energeticon \u00e0 Alsdorf.<br \/>\nLors de sa pr\u00e9sentation dans la salle du conseil de la maison communale, le jeune homme de 35 ans a soulign\u00e9 qu&rsquo;il souhaitait diriger le mus\u00e9e de mani\u00e8re \u00ab europ\u00e9enne \u00bb. Jan Sabri Cetinkaya se r\u00e9jouit de relever ce d\u00e9fi et s&rsquo;est fix\u00e9 comme objectif de faire progresser La Calamine et le Mus\u00e9e Vieille Montagne non seulement dans la r\u00e9gion, mais aussi au-del\u00e0 des fronti\u00e8res nationales. Jan Sabri Cetinkaya est n\u00e9 en Allemagne \u00e0 Kempen, dans le Bas-Rhin, et a des origines turques.<br \/>\nLors de la pr\u00e9sentation de Cetinkaya, l&rsquo;\u00e9chevin responsable Mirko Braem (administrateur d\u00e9l\u00e9gu\u00e9 de la R\u00e9gie communale autonome Galmei) a salu\u00e9 le travail du personnel du mus\u00e9e, en particulier celui d&rsquo;Inge Helge, qui a repris la direction f.f. apr\u00e8s le d\u00e9part de C\u00e9line Ruess. De son c\u00f4t\u00e9, le directeur administratif Patrick Creutz a fait remarquer que la pr\u00e9servation de l&rsquo;unicit\u00e9 de La Calamine \u00e9tait \u00e9galement une t\u00e2che du mus\u00e9e.<\/p>\n","protected":false},"excerpt":{"rendered":"Le Mus\u00e9e Vieille Montagne a une nouvelle direction : Jan Sabri Cetinkaya a pris ses fonctions ce matin. Il succ\u00e8de \u00e0 C\u00e9line Ruess, qui dirigeait le mus\u00e9e depuis sa cr\u00e9ation en 2018 et qui travaille \u00e0 nouveau pour la Maison de la M\u00e9tallurgie et de l&rsquo;Industrie \u00e0 Li\u00e8ge, son lieu de r\u00e9sidence. Jan Sabri Cetinkaya [&hellip;]","protected":false},"author":2,"featured_media":10567,"comment_status":"closed","ping_status":"closed","sticky":false,"template":"","format":"standard","meta":{"_acf_changed":false,"footnotes":""},"categories":[71],"tags":[],"class_list":["post-10566","post","type-post","status-publish","format-standard","has-post-thumbnail","hentry","category-depuis-la-maison-communale"],"acf":[],"_links":{"self":[{"href":"https:\/\/www.kelmis.be\/fr\/wp-json\/wp\/v2\/posts\/10566","targetHints":{"allow":["GET"]}}],"collection":[{"href":"https:\/\/www.kelmis.be\/fr\/wp-json\/wp\/v2\/posts"}],"about":[{"href":"https:\/\/www.kelmis.be\/fr\/wp-json\/wp\/v2\/types\/post"}],"author":[{"embeddable":true,"href":"https:\/\/www.kelmis.be\/fr\/wp-json\/wp\/v2\/users\/2"}],"replies":[{"embeddable":true,"href":"https:\/\/www.kelmis.be\/fr\/wp-json\/wp\/v2\/comments?post=10566"}],"version-history":[{"count":2,"href":"https:\/\/www.kelmis.be\/fr\/wp-json\/wp\/v2\/posts\/10566\/revisions"}],"predecessor-version":[{"id":10570,"href":"https:\/\/www.kelmis.be\/fr\/wp-json\/wp\/v2\/posts\/10566\/revisions\/10570"}],"wp:featuredmedia":[{"embeddable":true,"href":"https:\/\/www.kelmis.be\/fr\/wp-json\/wp\/v2\/media\/10567"}],"wp:attachment":[{"href":"https:\/\/www.kelmis.be\/fr\/wp-json\/wp\/v2\/media?parent=10566"}],"wp:term":[{"taxonomy":"category","embeddable":true,"href":"https:\/\/www.kelmis.be\/fr\/wp-json\/wp\/v2\/categories?post=10566"},{"taxonomy":"post_tag","embeddable":true,"href":"https:\/\/www.kelmis.be\/fr\/wp-json\/wp\/v2\/tags?post=10566"}],"curies":[{"name":"wp","href":"https:\/\/api.w.org\/{rel}","templated":true}]}}