{"id":10521,"date":"2023-01-30T18:25:03","date_gmt":"2023-01-30T17:25:03","guid":{"rendered":"https:\/\/www.kelmis.be\/?p=10521"},"modified":"2023-01-30T18:25:29","modified_gmt":"2023-01-30T17:25:29","slug":"stages-dobservation-mutuels-entre-notre-cpas-et-service-social-daix-la-chapelle-en-vue","status":"publish","type":"post","link":"https:\/\/www.kelmis.be\/fr\/depuis-la-maison-communale\/stages-dobservation-mutuels-entre-notre-cpas-et-service-social-daix-la-chapelle-en-vue","title":{"rendered":"Stages d&rsquo;observation mutuels entre notre CPAS et service social d&rsquo;Aix-la-Chapelle en vue"},"content":{"rendered":"<p>Dans la salle du conseil de notre maison communale, une d\u00e9l\u00e9gation de notre CPAS et son pr\u00e9sident Erwin Klinkenberg ont rencontr\u00e9 ce midi des coll\u00e8gues des administrations sociales de Kerkrade, \u00dcbach-Palenberg, Aix-la-Chapelle et Heinsberg (Jobcenter). L&rsquo;initiative est venue de l&rsquo;organisation European Citizens Organisation (ECO), dont l&rsquo;objectif est de renforcer les relations entre les citoyens europ\u00e9ennes et de cr\u00e9er des structures transversales. Le secr\u00e9taire g\u00e9n\u00e9ral de l&rsquo;ECO, Markus R\u00fchl, a pr\u00e9sid\u00e9 la rencontre.<\/p>\n<p>Dans le cadre de l&rsquo;\u00e9change qui a dur\u00e9 pr\u00e8s de trois heures, l&rsquo;\u00e9quipe de notre CPAS s&rsquo;est longuement entretenue avec les coll\u00e8gues du service social d&rsquo;Aix-la-Chapelle. Les coll\u00e8gues d&rsquo;Aix-la-Chapelle ont notamment sugg\u00e9r\u00e9 des stages d&rsquo;observation mutuels. \u00ab Nous reviendrons sur cette id\u00e9e \u00bb, a d\u00e9clar\u00e9 Nadine Pelzer, notre secr\u00e9taire du CPAS faisant fonction, apr\u00e8s la rencontre. \u00ab C&rsquo;\u00e9tait un tr\u00e8s bon rendez-vous parce que cela permet de cr\u00e9er des ponts. Il serait notamment int\u00e9ressant de proposer des formations \u00e0 Aix-la-Chapelle aux demandeurs d&#8217;emploi de notre commune. Il est \u00e9galement utile de pouvoir s&rsquo;adresser imm\u00e9diatement \u00e0 un contact que l&rsquo;on conna\u00eet personnellement dans des cas concrets transfrontaliers. \u00bb<\/p>\n","protected":false},"excerpt":{"rendered":"Dans la salle du conseil de notre maison communale, une d\u00e9l\u00e9gation de notre CPAS et son pr\u00e9sident Erwin Klinkenberg ont rencontr\u00e9 ce midi des coll\u00e8gues des administrations sociales de Kerkrade, \u00dcbach-Palenberg, Aix-la-Chapelle et Heinsberg (Jobcenter). L&rsquo;initiative est venue de l&rsquo;organisation European Citizens Organisation (ECO), dont l&rsquo;objectif est de renforcer les relations entre les citoyens europ\u00e9ennes [&hellip;]","protected":false},"author":2,"featured_media":10522,"comment_status":"closed","ping_status":"closed","sticky":false,"template":"","format":"standard","meta":{"_acf_changed":false,"footnotes":""},"categories":[71],"tags":[],"class_list":["post-10521","post","type-post","status-publish","format-standard","has-post-thumbnail","hentry","category-depuis-la-maison-communale"],"acf":[],"_links":{"self":[{"href":"https:\/\/www.kelmis.be\/fr\/wp-json\/wp\/v2\/posts\/10521","targetHints":{"allow":["GET"]}}],"collection":[{"href":"https:\/\/www.kelmis.be\/fr\/wp-json\/wp\/v2\/posts"}],"about":[{"href":"https:\/\/www.kelmis.be\/fr\/wp-json\/wp\/v2\/types\/post"}],"author":[{"embeddable":true,"href":"https:\/\/www.kelmis.be\/fr\/wp-json\/wp\/v2\/users\/2"}],"replies":[{"embeddable":true,"href":"https:\/\/www.kelmis.be\/fr\/wp-json\/wp\/v2\/comments?post=10521"}],"version-history":[{"count":1,"href":"https:\/\/www.kelmis.be\/fr\/wp-json\/wp\/v2\/posts\/10521\/revisions"}],"predecessor-version":[{"id":10523,"href":"https:\/\/www.kelmis.be\/fr\/wp-json\/wp\/v2\/posts\/10521\/revisions\/10523"}],"wp:featuredmedia":[{"embeddable":true,"href":"https:\/\/www.kelmis.be\/fr\/wp-json\/wp\/v2\/media\/10522"}],"wp:attachment":[{"href":"https:\/\/www.kelmis.be\/fr\/wp-json\/wp\/v2\/media?parent=10521"}],"wp:term":[{"taxonomy":"category","embeddable":true,"href":"https:\/\/www.kelmis.be\/fr\/wp-json\/wp\/v2\/categories?post=10521"},{"taxonomy":"post_tag","embeddable":true,"href":"https:\/\/www.kelmis.be\/fr\/wp-json\/wp\/v2\/tags?post=10521"}],"curies":[{"name":"wp","href":"https:\/\/api.w.org\/{rel}","templated":true}]}}