{"id":10412,"date":"2023-01-11T10:53:32","date_gmt":"2023-01-11T09:53:32","guid":{"rendered":"https:\/\/www.kelmis.be\/?p=10412"},"modified":"2023-01-11T10:53:32","modified_gmt":"2023-01-11T09:53:32","slug":"numero-8-du-magazine-non-livre-nous-vous-envoyons-un-exemplaire","status":"publish","type":"post","link":"https:\/\/www.kelmis.be\/fr\/depuis-la-maison-communale\/numero-8-du-magazine-non-livre-nous-vous-envoyons-un-exemplaire","title":{"rendered":"Num\u00e9ro 8 du magazine non livr\u00e9? Nous vous envoyons un exemplaire"},"content":{"rendered":"<p>Nous avons re\u00e7u quelques messages de citoyens et citoyennes qui n&rsquo;ont pas re\u00e7u la derni\u00e8re \u00e9dition du \u00ab Kelmis magazine \u00bb. Si vous n&rsquo;avez pas non plus \u00e9t\u00e9 livr\u00e9, nous vous ferons volontiers parvenir la huiti\u00e8me \u00e9dition. Envoyez-nous un e-mail \u00e0 verwaltung@kelmis.be. Peu apr\u00e8s, vous recevrez le magazine dans votre bo\u00eete aux lettres. La Une \u00e9tait consacr\u00e9e aux jeux de la Passion qui seront jou\u00e9s cette ann\u00e9e au Patronage.<\/p>\n","protected":false},"excerpt":{"rendered":"Nous avons re\u00e7u quelques messages de citoyens et citoyennes qui n&rsquo;ont pas re\u00e7u la derni\u00e8re \u00e9dition du \u00ab Kelmis magazine \u00bb. Si vous n&rsquo;avez pas non plus \u00e9t\u00e9 livr\u00e9, nous vous ferons volontiers parvenir la huiti\u00e8me \u00e9dition. Envoyez-nous un e-mail \u00e0 verwaltung@kelmis.be. Peu apr\u00e8s, vous recevrez le magazine dans votre bo\u00eete aux lettres. La Une [&hellip;]","protected":false},"author":2,"featured_media":10413,"comment_status":"closed","ping_status":"closed","sticky":false,"template":"","format":"standard","meta":{"_acf_changed":false,"footnotes":""},"categories":[71],"tags":[],"class_list":["post-10412","post","type-post","status-publish","format-standard","has-post-thumbnail","hentry","category-depuis-la-maison-communale"],"acf":[],"_links":{"self":[{"href":"https:\/\/www.kelmis.be\/fr\/wp-json\/wp\/v2\/posts\/10412","targetHints":{"allow":["GET"]}}],"collection":[{"href":"https:\/\/www.kelmis.be\/fr\/wp-json\/wp\/v2\/posts"}],"about":[{"href":"https:\/\/www.kelmis.be\/fr\/wp-json\/wp\/v2\/types\/post"}],"author":[{"embeddable":true,"href":"https:\/\/www.kelmis.be\/fr\/wp-json\/wp\/v2\/users\/2"}],"replies":[{"embeddable":true,"href":"https:\/\/www.kelmis.be\/fr\/wp-json\/wp\/v2\/comments?post=10412"}],"version-history":[{"count":1,"href":"https:\/\/www.kelmis.be\/fr\/wp-json\/wp\/v2\/posts\/10412\/revisions"}],"predecessor-version":[{"id":10414,"href":"https:\/\/www.kelmis.be\/fr\/wp-json\/wp\/v2\/posts\/10412\/revisions\/10414"}],"wp:featuredmedia":[{"embeddable":true,"href":"https:\/\/www.kelmis.be\/fr\/wp-json\/wp\/v2\/media\/10413"}],"wp:attachment":[{"href":"https:\/\/www.kelmis.be\/fr\/wp-json\/wp\/v2\/media?parent=10412"}],"wp:term":[{"taxonomy":"category","embeddable":true,"href":"https:\/\/www.kelmis.be\/fr\/wp-json\/wp\/v2\/categories?post=10412"},{"taxonomy":"post_tag","embeddable":true,"href":"https:\/\/www.kelmis.be\/fr\/wp-json\/wp\/v2\/tags?post=10412"}],"curies":[{"name":"wp","href":"https:\/\/api.w.org\/{rel}","templated":true}]}}