{"id":10365,"date":"2023-01-10T15:32:53","date_gmt":"2023-01-10T14:32:53","guid":{"rendered":"https:\/\/www.kelmis.be\/?p=10365"},"modified":"2023-01-10T15:34:03","modified_gmt":"2023-01-10T14:34:03","slug":"reunion-publique-du-conseil-dadministration-de-la-spi","status":"publish","type":"post","link":"https:\/\/www.kelmis.be\/fr\/depuis-la-maison-communale\/reunion-publique-du-conseil-dadministration-de-la-spi","title":{"rendered":"R\u00e9union publique du conseil d&rsquo;administration de la SPI"},"content":{"rendered":"<p>Le 31 janvier, l&rsquo;intercommunale SPI tiendra une r\u00e9union publique de son conseil d&rsquo;administration \u00e0 18h45 au Val Beno\u00eet (b\u00e2timent G\u00e9nie Civil\/quai Bannings 6 \u00e0 Li\u00e8ge). Le rapport d&rsquo;activit\u00e9s 2021 sera \u00e0 l&rsquo;ordre du jour.<\/p>\n","protected":false},"excerpt":{"rendered":"Le 31 janvier, l&rsquo;intercommunale SPI tiendra une r\u00e9union publique de son conseil d&rsquo;administration \u00e0 18h45 au Val Beno\u00eet (b\u00e2timent G\u00e9nie Civil\/quai Bannings 6 \u00e0 Li\u00e8ge). Le rapport d&rsquo;activit\u00e9s 2021 sera \u00e0 l&rsquo;ordre du jour.","protected":false},"author":2,"featured_media":10368,"comment_status":"closed","ping_status":"closed","sticky":false,"template":"","format":"standard","meta":{"_acf_changed":false,"footnotes":""},"categories":[71],"tags":[],"class_list":["post-10365","post","type-post","status-publish","format-standard","has-post-thumbnail","hentry","category-depuis-la-maison-communale"],"acf":[],"_links":{"self":[{"href":"https:\/\/www.kelmis.be\/fr\/wp-json\/wp\/v2\/posts\/10365","targetHints":{"allow":["GET"]}}],"collection":[{"href":"https:\/\/www.kelmis.be\/fr\/wp-json\/wp\/v2\/posts"}],"about":[{"href":"https:\/\/www.kelmis.be\/fr\/wp-json\/wp\/v2\/types\/post"}],"author":[{"embeddable":true,"href":"https:\/\/www.kelmis.be\/fr\/wp-json\/wp\/v2\/users\/2"}],"replies":[{"embeddable":true,"href":"https:\/\/www.kelmis.be\/fr\/wp-json\/wp\/v2\/comments?post=10365"}],"version-history":[{"count":1,"href":"https:\/\/www.kelmis.be\/fr\/wp-json\/wp\/v2\/posts\/10365\/revisions"}],"predecessor-version":[{"id":10367,"href":"https:\/\/www.kelmis.be\/fr\/wp-json\/wp\/v2\/posts\/10365\/revisions\/10367"}],"wp:featuredmedia":[{"embeddable":true,"href":"https:\/\/www.kelmis.be\/fr\/wp-json\/wp\/v2\/media\/10368"}],"wp:attachment":[{"href":"https:\/\/www.kelmis.be\/fr\/wp-json\/wp\/v2\/media?parent=10365"}],"wp:term":[{"taxonomy":"category","embeddable":true,"href":"https:\/\/www.kelmis.be\/fr\/wp-json\/wp\/v2\/categories?post=10365"},{"taxonomy":"post_tag","embeddable":true,"href":"https:\/\/www.kelmis.be\/fr\/wp-json\/wp\/v2\/tags?post=10365"}],"curies":[{"name":"wp","href":"https:\/\/api.w.org\/{rel}","templated":true}]}}