{"id":10350,"date":"2023-01-09T14:06:51","date_gmt":"2023-01-09T13:06:51","guid":{"rendered":"https:\/\/www.kelmis.be\/?p=10350"},"modified":"2023-01-09T14:09:43","modified_gmt":"2023-01-09T13:09:43","slug":"collecte-des-sapins-de-noel-ce-mercredi-matin","status":"publish","type":"post","link":"https:\/\/www.kelmis.be\/fr\/actualite-dans-la-commune\/collecte-des-sapins-de-noel-ce-mercredi-matin","title":{"rendered":"Collecte des sapins de No\u00ebl ce mercredi matin"},"content":{"rendered":"<p>Mercredi, l&rsquo;entreprise sociale BISA ramassera les sapins de No\u00ebl dans notre commune. La population est pri\u00e9e de d\u00e9poser les sapins au bord de la route au plus tard mercredi matin \u00e0 7 heures. N&rsquo;oubliez pas d&rsquo;enlever les boules, les guirlandes et autres accessoires. Si cette date ne vous convient pas, les arbres peuvent \u00eatre d\u00e9pos\u00e9s au Recyparc (rue de Li\u00e8ge 2). Les heures d&rsquo;ouverture sont du mardi au vendredi de 9h \u00e0 17h et le samedi de 8h30 \u00e0 17h.<\/p>\n","protected":false},"excerpt":{"rendered":"Mercredi, l&rsquo;entreprise sociale BISA ramassera les sapins de No\u00ebl dans notre commune. La population est pri\u00e9e de d\u00e9poser les sapins au bord de la route au plus tard mercredi matin \u00e0 7 heures. N&rsquo;oubliez pas d&rsquo;enlever les boules, les guirlandes et autres accessoires. Si cette date ne vous convient pas, les arbres peuvent \u00eatre d\u00e9pos\u00e9s [&hellip;]","protected":false},"author":2,"featured_media":10351,"comment_status":"closed","ping_status":"closed","sticky":false,"template":"","format":"standard","meta":{"_acf_changed":false,"footnotes":""},"categories":[70],"tags":[],"class_list":["post-10350","post","type-post","status-publish","format-standard","has-post-thumbnail","hentry","category-actualite-dans-la-commune"],"acf":[],"_links":{"self":[{"href":"https:\/\/www.kelmis.be\/fr\/wp-json\/wp\/v2\/posts\/10350","targetHints":{"allow":["GET"]}}],"collection":[{"href":"https:\/\/www.kelmis.be\/fr\/wp-json\/wp\/v2\/posts"}],"about":[{"href":"https:\/\/www.kelmis.be\/fr\/wp-json\/wp\/v2\/types\/post"}],"author":[{"embeddable":true,"href":"https:\/\/www.kelmis.be\/fr\/wp-json\/wp\/v2\/users\/2"}],"replies":[{"embeddable":true,"href":"https:\/\/www.kelmis.be\/fr\/wp-json\/wp\/v2\/comments?post=10350"}],"version-history":[{"count":1,"href":"https:\/\/www.kelmis.be\/fr\/wp-json\/wp\/v2\/posts\/10350\/revisions"}],"predecessor-version":[{"id":10352,"href":"https:\/\/www.kelmis.be\/fr\/wp-json\/wp\/v2\/posts\/10350\/revisions\/10352"}],"wp:featuredmedia":[{"embeddable":true,"href":"https:\/\/www.kelmis.be\/fr\/wp-json\/wp\/v2\/media\/10351"}],"wp:attachment":[{"href":"https:\/\/www.kelmis.be\/fr\/wp-json\/wp\/v2\/media?parent=10350"}],"wp:term":[{"taxonomy":"category","embeddable":true,"href":"https:\/\/www.kelmis.be\/fr\/wp-json\/wp\/v2\/categories?post=10350"},{"taxonomy":"post_tag","embeddable":true,"href":"https:\/\/www.kelmis.be\/fr\/wp-json\/wp\/v2\/tags?post=10350"}],"curies":[{"name":"wp","href":"https:\/\/api.w.org\/{rel}","templated":true}]}}