{"id":10322,"date":"2023-01-06T22:12:13","date_gmt":"2023-01-06T21:12:13","guid":{"rendered":"https:\/\/www.kelmis.be\/?p=10322"},"modified":"2023-01-07T13:16:40","modified_gmt":"2023-01-07T12:16:40","slug":"reception-du-nouvel-an-avec-beaucoup-dhommages","status":"publish","type":"post","link":"https:\/\/www.kelmis.be\/fr\/actualite-dans-la-commune\/reception-du-nouvel-an-avec-beaucoup-dhommages","title":{"rendered":"R\u00e9ception du Nouvel An avec beaucoup d&rsquo;hommages"},"content":{"rendered":"<p>Vendredi soir, la r\u00e9ception de Nouvel An de notre commune a eu lieu au \u00ab Winkel \u00bb \u00e0 Hergenrath. Dans le cadre de la c\u00e9r\u00e9monie, qui a d\u00e9but\u00e9 par une allocution de notre bourgmestre Luc Frank et s&rsquo;est d\u00e9roul\u00e9e en pr\u00e9sence du ministre-pr\u00e9sident Oliver Paasch, une s\u00e9rie d&rsquo;hommages a \u00e9t\u00e9 rendue. Les personnes suivantes ont \u00e9t\u00e9 honor\u00e9es pour leur engagement :<br \/>\nArlette Gerkens (pour 35 ans de service), Brigitte Hennes (35 ans de service et m\u00e9daille d&rsquo;argent de l&rsquo;Ordre de L\u00e9opold II), Sylvie Fabeck (pour 30 ans de service), Yves Kever (pour 25 ans de service), Martin Jauck (pour 25 ans de service), Nadine Pelzer (pour 20 ans de service), Jacky Aussems (pour 35 ans de service\/m\u00e9daille d&rsquo;or de l&rsquo;Ordre de la Couronne), Denise Pauquay (plus de 50 ans et plus de dix ans de service\/m\u00e9daille d&rsquo;or de l&rsquo;Ordre de L\u00e9opold II), Patricia Baumgarten (plus de 50 ans et plus de 20 ans de service\/m\u00e9daille d&rsquo;argent de l&rsquo;Ordre de la Couronne), Colette Nyssen (plus de 60 ans et plus de 20 ans de service\/m\u00e9daille de bronze de l&rsquo;Ordre de la Couronne), Willy Lousberg, Astrid Houben, Chantal Evertz, Fabienne Hubert (pour 35 ans de service \/ tous et toutes ont re\u00e7u la croix civique de 1\u00e8re classe), Carina Kriescher (pour 25 ans de service), Myriam Christen (pour 25 ans de service\/m\u00e9daille civique 1\u00e8re classe), C\u00e9cile Volders (pour 25 ans de service\/palme d&rsquo;or de la Couronne), Marc Rotheudt (m\u00e9daille civique 1\u00e8re classe et palme d&rsquo;or de l&rsquo;Ordre de la Couronne), Anke Rennertz, Brigitte Wuttke, Gabrielle Laschet, Patricia Rixen, Tania Zimmermann (plus de 50 ans chacune et plus de dix ans de service \/ chacune a \u00e9t\u00e9 nomm\u00e9e chevali\u00e8re de l&rsquo;Ordre de L\u00e9opold II), Monika Bodem, Sabrina Vanhouttem, Tania Schmetz, Astrid K\u00e4fer, Nicole Evertz (plus de 40 ans et plus de dix ans de service\/chacune a re\u00e7u la palme d&rsquo;or de l&rsquo;Ordre de la Couronne), Jean-Marie Kohnen (pour son engagement social pour la commune et symboliquement pour l&rsquo;engagement du secteur de la sant\u00e9 pendant la crise Covid-19), Vincent Hubert au nom du RFCU La Calamine (football\/champion 1\u00e8re Provinciale saison 2021-2022).<br \/>\nLa soir\u00e9e a \u00e9t\u00e9 accompagn\u00e9e musicalement par l&rsquo;ensemble d&rsquo;instruments \u00e0 vent en bois de Hergenrath, La Quintessenza, et par DJ Greg.<\/p>\n","protected":false},"excerpt":{"rendered":"Vendredi soir, la r\u00e9ception de Nouvel An de notre commune a eu lieu au \u00ab Winkel \u00bb \u00e0 Hergenrath. Dans le cadre de la c\u00e9r\u00e9monie, qui a d\u00e9but\u00e9 par une allocution de notre bourgmestre Luc Frank et s&rsquo;est d\u00e9roul\u00e9e en pr\u00e9sence du ministre-pr\u00e9sident Oliver Paasch, une s\u00e9rie d&rsquo;hommages a \u00e9t\u00e9 rendue. Les personnes suivantes ont [&hellip;]","protected":false},"author":2,"featured_media":10323,"comment_status":"closed","ping_status":"closed","sticky":false,"template":"","format":"standard","meta":{"_acf_changed":false,"footnotes":""},"categories":[70],"tags":[],"class_list":["post-10322","post","type-post","status-publish","format-standard","has-post-thumbnail","hentry","category-actualite-dans-la-commune"],"acf":[],"_links":{"self":[{"href":"https:\/\/www.kelmis.be\/fr\/wp-json\/wp\/v2\/posts\/10322","targetHints":{"allow":["GET"]}}],"collection":[{"href":"https:\/\/www.kelmis.be\/fr\/wp-json\/wp\/v2\/posts"}],"about":[{"href":"https:\/\/www.kelmis.be\/fr\/wp-json\/wp\/v2\/types\/post"}],"author":[{"embeddable":true,"href":"https:\/\/www.kelmis.be\/fr\/wp-json\/wp\/v2\/users\/2"}],"replies":[{"embeddable":true,"href":"https:\/\/www.kelmis.be\/fr\/wp-json\/wp\/v2\/comments?post=10322"}],"version-history":[{"count":3,"href":"https:\/\/www.kelmis.be\/fr\/wp-json\/wp\/v2\/posts\/10322\/revisions"}],"predecessor-version":[{"id":10335,"href":"https:\/\/www.kelmis.be\/fr\/wp-json\/wp\/v2\/posts\/10322\/revisions\/10335"}],"wp:featuredmedia":[{"embeddable":true,"href":"https:\/\/www.kelmis.be\/fr\/wp-json\/wp\/v2\/media\/10323"}],"wp:attachment":[{"href":"https:\/\/www.kelmis.be\/fr\/wp-json\/wp\/v2\/media?parent=10322"}],"wp:term":[{"taxonomy":"category","embeddable":true,"href":"https:\/\/www.kelmis.be\/fr\/wp-json\/wp\/v2\/categories?post=10322"},{"taxonomy":"post_tag","embeddable":true,"href":"https:\/\/www.kelmis.be\/fr\/wp-json\/wp\/v2\/tags?post=10322"}],"curies":[{"name":"wp","href":"https:\/\/api.w.org\/{rel}","templated":true}]}}