{"id":10256,"date":"2022-12-22T13:05:38","date_gmt":"2022-12-22T12:05:38","guid":{"rendered":"https:\/\/www.kelmis.be\/?p=10256"},"modified":"2022-12-22T13:05:38","modified_gmt":"2022-12-22T12:05:38","slug":"ce-soir-installation-de-notre-conseil-communal-des-enfants-retransmission-en-direct-des-18-heures","status":"publish","type":"post","link":"https:\/\/www.kelmis.be\/fr\/depuis-la-maison-communale\/ce-soir-installation-de-notre-conseil-communal-des-enfants-retransmission-en-direct-des-18-heures","title":{"rendered":"Ce soir, installation de notre conseil communal des enfants &#8211; Retransmission en direct d\u00e8s 18 heures"},"content":{"rendered":"<p>Ce soir, \u00e0 18 heures, notre conseil communal des enfants sera install\u00e9. 21 enfants (cinqui\u00e8me et sixi\u00e8me ann\u00e9e primaire) des \u00e9coles communales de La Calamine, Hergenrath et de l&rsquo;ath\u00e9n\u00e9e C\u00e9sar Franck pr\u00eateront serment. La s\u00e9ance d&rsquo;installation sera retransmise en direct sur <strong><a href=\"https:\/\/youtu.be\/wr2U878e9po\">notre cha\u00eene YouTube.<\/a><\/strong><\/p>\n","protected":false},"excerpt":{"rendered":"Ce soir, \u00e0 18 heures, notre conseil communal des enfants sera install\u00e9. 21 enfants (cinqui\u00e8me et sixi\u00e8me ann\u00e9e primaire) des \u00e9coles communales de La Calamine, Hergenrath et de l&rsquo;ath\u00e9n\u00e9e C\u00e9sar Franck pr\u00eateront serment. La s\u00e9ance d&rsquo;installation sera retransmise en direct sur notre cha\u00eene YouTube.","protected":false},"author":2,"featured_media":10257,"comment_status":"closed","ping_status":"closed","sticky":false,"template":"","format":"standard","meta":{"_acf_changed":false,"footnotes":""},"categories":[71],"tags":[],"class_list":["post-10256","post","type-post","status-publish","format-standard","has-post-thumbnail","hentry","category-depuis-la-maison-communale"],"acf":[],"_links":{"self":[{"href":"https:\/\/www.kelmis.be\/fr\/wp-json\/wp\/v2\/posts\/10256","targetHints":{"allow":["GET"]}}],"collection":[{"href":"https:\/\/www.kelmis.be\/fr\/wp-json\/wp\/v2\/posts"}],"about":[{"href":"https:\/\/www.kelmis.be\/fr\/wp-json\/wp\/v2\/types\/post"}],"author":[{"embeddable":true,"href":"https:\/\/www.kelmis.be\/fr\/wp-json\/wp\/v2\/users\/2"}],"replies":[{"embeddable":true,"href":"https:\/\/www.kelmis.be\/fr\/wp-json\/wp\/v2\/comments?post=10256"}],"version-history":[{"count":1,"href":"https:\/\/www.kelmis.be\/fr\/wp-json\/wp\/v2\/posts\/10256\/revisions"}],"predecessor-version":[{"id":10258,"href":"https:\/\/www.kelmis.be\/fr\/wp-json\/wp\/v2\/posts\/10256\/revisions\/10258"}],"wp:featuredmedia":[{"embeddable":true,"href":"https:\/\/www.kelmis.be\/fr\/wp-json\/wp\/v2\/media\/10257"}],"wp:attachment":[{"href":"https:\/\/www.kelmis.be\/fr\/wp-json\/wp\/v2\/media?parent=10256"}],"wp:term":[{"taxonomy":"category","embeddable":true,"href":"https:\/\/www.kelmis.be\/fr\/wp-json\/wp\/v2\/categories?post=10256"},{"taxonomy":"post_tag","embeddable":true,"href":"https:\/\/www.kelmis.be\/fr\/wp-json\/wp\/v2\/tags?post=10256"}],"curies":[{"name":"wp","href":"https:\/\/api.w.org\/{rel}","templated":true}]}}