{"id":10247,"date":"2022-12-20T15:24:53","date_gmt":"2022-12-20T14:24:53","guid":{"rendered":"https:\/\/www.kelmis.be\/?p=10247"},"modified":"2022-12-21T11:38:29","modified_gmt":"2022-12-21T10:38:29","slug":"infos-importantes-concernant-le-bon-de-lecture-pour-seniors","status":"publish","type":"post","link":"https:\/\/www.kelmis.be\/fr\/actualite-dans-la-commune\/infos-importantes-concernant-le-bon-de-lecture-pour-seniors","title":{"rendered":"Infos importantes concernant le bon de lecture pour s\u00e9niors"},"content":{"rendered":"<p lang=\"fr-BE\"><span style=\"font-family: Arial, sans-serif;\">Il y a quelques semaines, nous avons \u00e9crit aux seniors \u00e2g\u00e9s de 65 \u00e0 75 ans pour leur faire parvenir un bon de lecture (d&rsquo;une valeur de dix euros, valable jusque fin d\u00e9cembre 2023) pour la biblioth\u00e8que paroissiale (Schulstra\u00dfe 12). Les personnes qui n&rsquo;ont pas re\u00e7u de lettre peuvent s&rsquo;adresser \u00e0 la biblioth\u00e8que (087\/63 05 05) et b\u00e9n\u00e9ficier de ce cadeau de lecture par ce biais. Remarque importante pour les personnes de plus de 75 ans : elles recevront les bons par la poste la semaine prochaine. Ces derniers pourront \u00eatre \u00e9chang\u00e9s \u00e0 la biblioth\u00e8que jusqu&rsquo;au 22 janvier et sont valables jusqu&rsquo;\u00e0 la fin de l&rsquo;ann\u00e9e 2023.<\/span><\/p>\n","protected":false},"excerpt":{"rendered":"Il y a quelques semaines, nous avons \u00e9crit aux seniors \u00e2g\u00e9s de 65 \u00e0 75 ans pour leur faire parvenir un bon de lecture (d&rsquo;une valeur de dix euros, valable jusque fin d\u00e9cembre 2023) pour la biblioth\u00e8que paroissiale (Schulstra\u00dfe 12). Les personnes qui n&rsquo;ont pas re\u00e7u de lettre peuvent s&rsquo;adresser \u00e0 la biblioth\u00e8que (087\/63 05 [&hellip;]","protected":false},"author":2,"featured_media":10248,"comment_status":"closed","ping_status":"closed","sticky":false,"template":"","format":"standard","meta":{"_acf_changed":false,"footnotes":""},"categories":[70],"tags":[],"class_list":["post-10247","post","type-post","status-publish","format-standard","has-post-thumbnail","hentry","category-actualite-dans-la-commune"],"acf":[],"_links":{"self":[{"href":"https:\/\/www.kelmis.be\/fr\/wp-json\/wp\/v2\/posts\/10247","targetHints":{"allow":["GET"]}}],"collection":[{"href":"https:\/\/www.kelmis.be\/fr\/wp-json\/wp\/v2\/posts"}],"about":[{"href":"https:\/\/www.kelmis.be\/fr\/wp-json\/wp\/v2\/types\/post"}],"author":[{"embeddable":true,"href":"https:\/\/www.kelmis.be\/fr\/wp-json\/wp\/v2\/users\/2"}],"replies":[{"embeddable":true,"href":"https:\/\/www.kelmis.be\/fr\/wp-json\/wp\/v2\/comments?post=10247"}],"version-history":[{"count":2,"href":"https:\/\/www.kelmis.be\/fr\/wp-json\/wp\/v2\/posts\/10247\/revisions"}],"predecessor-version":[{"id":10252,"href":"https:\/\/www.kelmis.be\/fr\/wp-json\/wp\/v2\/posts\/10247\/revisions\/10252"}],"wp:featuredmedia":[{"embeddable":true,"href":"https:\/\/www.kelmis.be\/fr\/wp-json\/wp\/v2\/media\/10248"}],"wp:attachment":[{"href":"https:\/\/www.kelmis.be\/fr\/wp-json\/wp\/v2\/media?parent=10247"}],"wp:term":[{"taxonomy":"category","embeddable":true,"href":"https:\/\/www.kelmis.be\/fr\/wp-json\/wp\/v2\/categories?post=10247"},{"taxonomy":"post_tag","embeddable":true,"href":"https:\/\/www.kelmis.be\/fr\/wp-json\/wp\/v2\/tags?post=10247"}],"curies":[{"name":"wp","href":"https:\/\/api.w.org\/{rel}","templated":true}]}}