{"id":10240,"date":"2022-12-20T13:53:27","date_gmt":"2022-12-20T12:53:27","guid":{"rendered":"https:\/\/www.kelmis.be\/?p=10240"},"modified":"2022-12-20T13:53:27","modified_gmt":"2022-12-20T12:53:27","slug":"la-communaute-germanophone-a-achete-leyneburg-pour-21-mio-deuros","status":"publish","type":"post","link":"https:\/\/www.kelmis.be\/fr\/actualite-dans-la-commune\/la-communaute-germanophone-a-achete-leyneburg-pour-21-mio-deuros","title":{"rendered":"La Communaut\u00e9 germanophone a achet\u00e9 l&rsquo;Eyneburg pour 2,1 mio. d&rsquo;euros"},"content":{"rendered":"<p lang=\"de-DE\">Le gouvernement de la Communaut\u00e9 germanophone a annonc\u00e9 mardi midi qu\u2018il a ach\u00e9te le ch\u00e2teau d&rsquo;Eyneburg \u00e0 Hergenrath pour 2,1 millions d&rsquo;euros. Dans ce contexte, la Communaut\u00e9 germanophone avait derni\u00e8rement lanc\u00e9 une proc\u00e9dure d&rsquo;expropriation afin de prot\u00e9ger ce b\u00e2timent charg\u00e9 d&rsquo;histoire.<br \/>\nParall\u00e8lement \u00e0 l&rsquo;achat, des discussions sont toujours en cours avec des investisseurs qui devraient financer la remise en \u00e9tat du ch\u00e2teau d&rsquo;Eyneburg. Notre commune participe \u00e0 ces discussions en la personne du bourgmestre Luc Frank. <span style=\"font-family: Liberation Serif, serif;\">\u00ab<\/span> Nous sommes heureux que la Communaut\u00e9 germanophone ait achet\u00e9 l&rsquo;Eyneburg <span style=\"font-family: Liberation Serif, serif;\">\u00bb<\/span>, explique Luc Frank. <span style=\"font-family: Liberation Serif, serif;\">\u00ab<\/span> Il s&rsquo;agit maintenant d&rsquo;assurer l&rsquo;avenir du ch\u00e2teau et son potentiel touristique par un investisseur financi\u00e8rement solide. En tant que commune, nous sommes impliqu\u00e9s dans ces discussions. D\u00e8s que les n\u00e9gociations seront termin\u00e9es, le gouvernement germanophone et nous communiquerons. <span style=\"font-family: Liberation Serif, serif;\">\u00bb<\/span><\/p>\n","protected":false},"excerpt":{"rendered":"Le gouvernement de la Communaut\u00e9 germanophone a annonc\u00e9 mardi midi qu\u2018il a ach\u00e9te le ch\u00e2teau d&rsquo;Eyneburg \u00e0 Hergenrath pour 2,1 millions d&rsquo;euros. Dans ce contexte, la Communaut\u00e9 germanophone avait derni\u00e8rement lanc\u00e9 une proc\u00e9dure d&rsquo;expropriation afin de prot\u00e9ger ce b\u00e2timent charg\u00e9 d&rsquo;histoire. Parall\u00e8lement \u00e0 l&rsquo;achat, des discussions sont toujours en cours avec des investisseurs qui devraient [&hellip;]","protected":false},"author":2,"featured_media":10242,"comment_status":"closed","ping_status":"closed","sticky":false,"template":"","format":"standard","meta":{"_acf_changed":false,"footnotes":""},"categories":[70],"tags":[],"class_list":["post-10240","post","type-post","status-publish","format-standard","has-post-thumbnail","hentry","category-actualite-dans-la-commune"],"acf":[],"_links":{"self":[{"href":"https:\/\/www.kelmis.be\/fr\/wp-json\/wp\/v2\/posts\/10240","targetHints":{"allow":["GET"]}}],"collection":[{"href":"https:\/\/www.kelmis.be\/fr\/wp-json\/wp\/v2\/posts"}],"about":[{"href":"https:\/\/www.kelmis.be\/fr\/wp-json\/wp\/v2\/types\/post"}],"author":[{"embeddable":true,"href":"https:\/\/www.kelmis.be\/fr\/wp-json\/wp\/v2\/users\/2"}],"replies":[{"embeddable":true,"href":"https:\/\/www.kelmis.be\/fr\/wp-json\/wp\/v2\/comments?post=10240"}],"version-history":[{"count":2,"href":"https:\/\/www.kelmis.be\/fr\/wp-json\/wp\/v2\/posts\/10240\/revisions"}],"predecessor-version":[{"id":10243,"href":"https:\/\/www.kelmis.be\/fr\/wp-json\/wp\/v2\/posts\/10240\/revisions\/10243"}],"wp:featuredmedia":[{"embeddable":true,"href":"https:\/\/www.kelmis.be\/fr\/wp-json\/wp\/v2\/media\/10242"}],"wp:attachment":[{"href":"https:\/\/www.kelmis.be\/fr\/wp-json\/wp\/v2\/media?parent=10240"}],"wp:term":[{"taxonomy":"category","embeddable":true,"href":"https:\/\/www.kelmis.be\/fr\/wp-json\/wp\/v2\/categories?post=10240"},{"taxonomy":"post_tag","embeddable":true,"href":"https:\/\/www.kelmis.be\/fr\/wp-json\/wp\/v2\/tags?post=10240"}],"curies":[{"name":"wp","href":"https:\/\/api.w.org\/{rel}","templated":true}]}}