{"id":10232,"date":"2022-12-20T11:16:08","date_gmt":"2022-12-20T10:16:08","guid":{"rendered":"https:\/\/www.kelmis.be\/?p=10232"},"modified":"2022-12-20T11:16:08","modified_gmt":"2022-12-20T10:16:08","slug":"le-numero-8-du-kelmis-magazine-est-disponible-et-sera-distribue-des-demain","status":"publish","type":"post","link":"https:\/\/www.kelmis.be\/fr\/actualite-dans-la-commune\/le-numero-8-du-kelmis-magazine-est-disponible-et-sera-distribue-des-demain","title":{"rendered":"Le num\u00e9ro 8 du Kelmis magazine est disponible et sera distribu\u00e9 d\u00e8s demain"},"content":{"rendered":"<p>Le huiti\u00e8me num\u00e9ro du Kelmis magazine est disponible. Mercredi, des jeunes de notre commune commenceront la distribution du magazine. Ils sont accompagn\u00e9s par Streetwork Ostbelgien et par les animateurs\/animatrices du centre de jeunes de La Calamine.<br \/>\nLa couverture de l&rsquo;\u00e9dition de No\u00ebl est consacr\u00e9e aux jeux de la Passion qui auront lieu au Patronage en mars et avril de l&rsquo;ann\u00e9e prochaine. Les autres th\u00e8mes abord\u00e9s sont le plan de mobilit\u00e9 communal, le 50e anniversaire du groupe Arc-en-ciel ainsi que les portraits de Martin Jauck (28 ans d&rsquo;engagement pour notre service Voirie), Linda Hompesch (nouvelle responsable de notre atelier cr\u00e9atif) et une visite \u00e0 domicile chez Anne-Catherine Kimmel (directrice int\u00e9rimaire de l&rsquo;\u00e9cole communale de La Calamine) et son mari Francis Cloth, chef de la zone de secours DG.<\/p>\n<p>Le magazine peut d\u00e9j\u00e0 \u00eatre lu en format PDF dans la zone de t\u00e9l\u00e9chargement.<\/p>\n<p>Bonne lecture !<\/p>\n","protected":false},"excerpt":{"rendered":"Le huiti\u00e8me num\u00e9ro du Kelmis magazine est disponible. Mercredi, des jeunes de notre commune commenceront la distribution du magazine. Ils sont accompagn\u00e9s par Streetwork Ostbelgien et par les animateurs\/animatrices du centre de jeunes de La Calamine. La couverture de l&rsquo;\u00e9dition de No\u00ebl est consacr\u00e9e aux jeux de la Passion qui auront lieu au Patronage en [&hellip;]","protected":false},"author":2,"featured_media":10233,"comment_status":"closed","ping_status":"closed","sticky":false,"template":"","format":"standard","meta":{"_acf_changed":false,"footnotes":""},"categories":[70],"tags":[],"class_list":["post-10232","post","type-post","status-publish","format-standard","has-post-thumbnail","hentry","category-actualite-dans-la-commune"],"acf":[],"_links":{"self":[{"href":"https:\/\/www.kelmis.be\/fr\/wp-json\/wp\/v2\/posts\/10232","targetHints":{"allow":["GET"]}}],"collection":[{"href":"https:\/\/www.kelmis.be\/fr\/wp-json\/wp\/v2\/posts"}],"about":[{"href":"https:\/\/www.kelmis.be\/fr\/wp-json\/wp\/v2\/types\/post"}],"author":[{"embeddable":true,"href":"https:\/\/www.kelmis.be\/fr\/wp-json\/wp\/v2\/users\/2"}],"replies":[{"embeddable":true,"href":"https:\/\/www.kelmis.be\/fr\/wp-json\/wp\/v2\/comments?post=10232"}],"version-history":[{"count":1,"href":"https:\/\/www.kelmis.be\/fr\/wp-json\/wp\/v2\/posts\/10232\/revisions"}],"predecessor-version":[{"id":10234,"href":"https:\/\/www.kelmis.be\/fr\/wp-json\/wp\/v2\/posts\/10232\/revisions\/10234"}],"wp:featuredmedia":[{"embeddable":true,"href":"https:\/\/www.kelmis.be\/fr\/wp-json\/wp\/v2\/media\/10233"}],"wp:attachment":[{"href":"https:\/\/www.kelmis.be\/fr\/wp-json\/wp\/v2\/media?parent=10232"}],"wp:term":[{"taxonomy":"category","embeddable":true,"href":"https:\/\/www.kelmis.be\/fr\/wp-json\/wp\/v2\/categories?post=10232"},{"taxonomy":"post_tag","embeddable":true,"href":"https:\/\/www.kelmis.be\/fr\/wp-json\/wp\/v2\/tags?post=10232"}],"curies":[{"name":"wp","href":"https:\/\/api.w.org\/{rel}","templated":true}]}}