{"id":10218,"date":"2022-12-19T15:20:23","date_gmt":"2022-12-19T14:20:23","guid":{"rendered":"https:\/\/www.kelmis.be\/?p=10218"},"modified":"2022-12-19T15:20:35","modified_gmt":"2022-12-19T14:20:35","slug":"le-conseil-communal-se-reunit-ce-soir-lien-pour-la-retransmission-en-direct-2","status":"publish","type":"post","link":"https:\/\/www.kelmis.be\/fr\/depuis-la-maison-communale\/le-conseil-communal-se-reunit-ce-soir-lien-pour-la-retransmission-en-direct-2","title":{"rendered":"Le conseil communal se r\u00e9unit ce soir &#8211; Lien pour la retransmission en direct"},"content":{"rendered":"<p>Notre conseil communal se r\u00e9unit ce soir (20h). Seize points sont \u00e0 l&rsquo;ordre du jour. La s\u00e9ance peut \u00eatre suivie en direct sur <strong><a href=\"https:\/\/youtu.be\/_DemrzjjbMw\">notre cha\u00eene YouTube<\/a><\/strong>.<\/p>\n","protected":false},"excerpt":{"rendered":"Notre conseil communal se r\u00e9unit ce soir (20h). Seize points sont \u00e0 l&rsquo;ordre du jour. La s\u00e9ance peut \u00eatre suivie en direct sur notre cha\u00eene YouTube.","protected":false},"author":2,"featured_media":9538,"comment_status":"closed","ping_status":"closed","sticky":false,"template":"","format":"standard","meta":{"_acf_changed":false,"footnotes":""},"categories":[71],"tags":[],"class_list":["post-10218","post","type-post","status-publish","format-standard","has-post-thumbnail","hentry","category-depuis-la-maison-communale"],"acf":[],"_links":{"self":[{"href":"https:\/\/www.kelmis.be\/fr\/wp-json\/wp\/v2\/posts\/10218","targetHints":{"allow":["GET"]}}],"collection":[{"href":"https:\/\/www.kelmis.be\/fr\/wp-json\/wp\/v2\/posts"}],"about":[{"href":"https:\/\/www.kelmis.be\/fr\/wp-json\/wp\/v2\/types\/post"}],"author":[{"embeddable":true,"href":"https:\/\/www.kelmis.be\/fr\/wp-json\/wp\/v2\/users\/2"}],"replies":[{"embeddable":true,"href":"https:\/\/www.kelmis.be\/fr\/wp-json\/wp\/v2\/comments?post=10218"}],"version-history":[{"count":1,"href":"https:\/\/www.kelmis.be\/fr\/wp-json\/wp\/v2\/posts\/10218\/revisions"}],"predecessor-version":[{"id":10219,"href":"https:\/\/www.kelmis.be\/fr\/wp-json\/wp\/v2\/posts\/10218\/revisions\/10219"}],"wp:featuredmedia":[{"embeddable":true,"href":"https:\/\/www.kelmis.be\/fr\/wp-json\/wp\/v2\/media\/9538"}],"wp:attachment":[{"href":"https:\/\/www.kelmis.be\/fr\/wp-json\/wp\/v2\/media?parent=10218"}],"wp:term":[{"taxonomy":"category","embeddable":true,"href":"https:\/\/www.kelmis.be\/fr\/wp-json\/wp\/v2\/categories?post=10218"},{"taxonomy":"post_tag","embeddable":true,"href":"https:\/\/www.kelmis.be\/fr\/wp-json\/wp\/v2\/tags?post=10218"}],"curies":[{"name":"wp","href":"https:\/\/api.w.org\/{rel}","templated":true}]}}