{"id":10143,"date":"2022-12-05T13:04:24","date_gmt":"2022-12-05T12:04:24","guid":{"rendered":"https:\/\/www.kelmis.be\/?p=10143"},"modified":"2022-12-05T13:04:24","modified_gmt":"2022-12-05T12:04:24","slug":"pas-de-prime-de-noel-a-votre-porte","status":"publish","type":"post","link":"https:\/\/www.kelmis.be\/fr\/depuis-la-maison-communale\/pas-de-prime-de-noel-a-votre-porte","title":{"rendered":"Pas de prime de No\u00ebl \u00e0 votre porte !"},"content":{"rendered":"<p>Avis important \u00e0 la population : les collaborateurs de BISA et de Veolia n&rsquo;ont pas le droit de demander de leur propre chef une prime de No\u00ebl \u00e0 votre porte. Nous avons r\u00e9cemment re\u00e7u une plainte d&rsquo;un citoyen qui a attir\u00e9 notre attention sur ce ph\u00e9nom\u00e8ne. Dans notre commune, BISA est responsable pour la collecte des d\u00e9chets m\u00e9nagers et Veolia (ex-Suez) pour la collecte des sacs bleus ainsi que du papier et du carton. Lors de l&rsquo;incident, un homme portant une veste Suez s&rsquo;\u00e9tait pr\u00e9sent\u00e9 comme employ\u00e9 de BISA et avait r\u00e9clam\u00e9 avec insistance une prime de No\u00ebl. Ce qui lui a \u00e9t\u00e9 refus\u00e9. Chaque citoyen est toutefois libre de donner de sa propre initiative un pourboire au personnel de BISA et de Veolia. Mais cela ne doit jamais \u00eatre pr\u00e9c\u00e9d\u00e9 d&rsquo;une demande \u00e0 la porte.<\/p>\n","protected":false},"excerpt":{"rendered":"Avis important \u00e0 la population : les collaborateurs de BISA et de Veolia n&rsquo;ont pas le droit de demander de leur propre chef une prime de No\u00ebl \u00e0 votre porte. Nous avons r\u00e9cemment re\u00e7u une plainte d&rsquo;un citoyen qui a attir\u00e9 notre attention sur ce ph\u00e9nom\u00e8ne. Dans notre commune, BISA est responsable pour la collecte [&hellip;]","protected":false},"author":2,"featured_media":8894,"comment_status":"closed","ping_status":"closed","sticky":false,"template":"","format":"standard","meta":{"_acf_changed":false,"footnotes":""},"categories":[71],"tags":[],"class_list":["post-10143","post","type-post","status-publish","format-standard","has-post-thumbnail","hentry","category-depuis-la-maison-communale"],"acf":[],"_links":{"self":[{"href":"https:\/\/www.kelmis.be\/fr\/wp-json\/wp\/v2\/posts\/10143","targetHints":{"allow":["GET"]}}],"collection":[{"href":"https:\/\/www.kelmis.be\/fr\/wp-json\/wp\/v2\/posts"}],"about":[{"href":"https:\/\/www.kelmis.be\/fr\/wp-json\/wp\/v2\/types\/post"}],"author":[{"embeddable":true,"href":"https:\/\/www.kelmis.be\/fr\/wp-json\/wp\/v2\/users\/2"}],"replies":[{"embeddable":true,"href":"https:\/\/www.kelmis.be\/fr\/wp-json\/wp\/v2\/comments?post=10143"}],"version-history":[{"count":1,"href":"https:\/\/www.kelmis.be\/fr\/wp-json\/wp\/v2\/posts\/10143\/revisions"}],"predecessor-version":[{"id":10144,"href":"https:\/\/www.kelmis.be\/fr\/wp-json\/wp\/v2\/posts\/10143\/revisions\/10144"}],"wp:featuredmedia":[{"embeddable":true,"href":"https:\/\/www.kelmis.be\/fr\/wp-json\/wp\/v2\/media\/8894"}],"wp:attachment":[{"href":"https:\/\/www.kelmis.be\/fr\/wp-json\/wp\/v2\/media?parent=10143"}],"wp:term":[{"taxonomy":"category","embeddable":true,"href":"https:\/\/www.kelmis.be\/fr\/wp-json\/wp\/v2\/categories?post=10143"},{"taxonomy":"post_tag","embeddable":true,"href":"https:\/\/www.kelmis.be\/fr\/wp-json\/wp\/v2\/tags?post=10143"}],"curies":[{"name":"wp","href":"https:\/\/api.w.org\/{rel}","templated":true}]}}