{"id":10114,"date":"2022-11-29T13:18:42","date_gmt":"2022-11-29T12:18:42","guid":{"rendered":"https:\/\/www.kelmis.be\/?p=10114"},"modified":"2022-11-29T14:45:08","modified_gmt":"2022-11-29T13:45:08","slug":"seance-publique-du-conseil-dadministration-dintradel","status":"publish","type":"post","link":"https:\/\/www.kelmis.be\/fr\/depuis-la-maison-communale\/seance-publique-du-conseil-dadministration-dintradel","title":{"rendered":"S\u00e9ance publique du Conseil d\u2019administration d&rsquo;Intradel le 22 d\u00e9cembre"},"content":{"rendered":"<p>L\u2019intercommunale Intradel tient une s\u00e9ance publique de son Conseil d\u2019administration le jeudi 22 d\u00e9cembre 2022 de 16 heures \u00e0 17 heures, \u00e0 son si\u00e8ge social, Pr\u00e9 Wigy, 20 \u00e0 4040 Herstal. Le rapport de gestion 2021 y sera pr\u00e9sent\u00e9.<\/p>\n","protected":false},"excerpt":{"rendered":"L\u2019intercommunale Intradel tient une s\u00e9ance publique de son Conseil d\u2019administration le jeudi 22 d\u00e9cembre 2022 de 16 heures \u00e0 17 heures, \u00e0 son si\u00e8ge social, Pr\u00e9 Wigy, 20 \u00e0 4040 Herstal. Le rapport de gestion 2021 y sera pr\u00e9sent\u00e9.","protected":false},"author":2,"featured_media":10115,"comment_status":"closed","ping_status":"closed","sticky":false,"template":"","format":"standard","meta":{"_acf_changed":false,"footnotes":""},"categories":[71],"tags":[],"class_list":["post-10114","post","type-post","status-publish","format-standard","has-post-thumbnail","hentry","category-depuis-la-maison-communale"],"acf":[],"_links":{"self":[{"href":"https:\/\/www.kelmis.be\/fr\/wp-json\/wp\/v2\/posts\/10114","targetHints":{"allow":["GET"]}}],"collection":[{"href":"https:\/\/www.kelmis.be\/fr\/wp-json\/wp\/v2\/posts"}],"about":[{"href":"https:\/\/www.kelmis.be\/fr\/wp-json\/wp\/v2\/types\/post"}],"author":[{"embeddable":true,"href":"https:\/\/www.kelmis.be\/fr\/wp-json\/wp\/v2\/users\/2"}],"replies":[{"embeddable":true,"href":"https:\/\/www.kelmis.be\/fr\/wp-json\/wp\/v2\/comments?post=10114"}],"version-history":[{"count":4,"href":"https:\/\/www.kelmis.be\/fr\/wp-json\/wp\/v2\/posts\/10114\/revisions"}],"predecessor-version":[{"id":10134,"href":"https:\/\/www.kelmis.be\/fr\/wp-json\/wp\/v2\/posts\/10114\/revisions\/10134"}],"wp:featuredmedia":[{"embeddable":true,"href":"https:\/\/www.kelmis.be\/fr\/wp-json\/wp\/v2\/media\/10115"}],"wp:attachment":[{"href":"https:\/\/www.kelmis.be\/fr\/wp-json\/wp\/v2\/media?parent=10114"}],"wp:term":[{"taxonomy":"category","embeddable":true,"href":"https:\/\/www.kelmis.be\/fr\/wp-json\/wp\/v2\/categories?post=10114"},{"taxonomy":"post_tag","embeddable":true,"href":"https:\/\/www.kelmis.be\/fr\/wp-json\/wp\/v2\/tags?post=10114"}],"curies":[{"name":"wp","href":"https:\/\/api.w.org\/{rel}","templated":true}]}}